{"id":3095,"date":"2024-06-10T15:46:33","date_gmt":"2024-06-10T18:46:33","guid":{"rendered":"https:\/\/identidadalvearense.com.ar\/?p=3095"},"modified":"2024-06-10T15:46:33","modified_gmt":"2024-06-10T18:46:33","slug":"mas-de-5-mil-personas-disfrutaron-del-automovilismo-en-el-victor-garcia","status":"publish","type":"post","link":"https:\/\/identidadalvearense.com.ar\/?p=3095","title":{"rendered":"M\u00e1s de 5 mil personas disfrutaron del automovilismo en el V\u00edctor Garc\u00eda"},"content":{"rendered":"<p>Alvear vivi\u00f3 un fin de semana hist\u00f3rico con la celebraci\u00f3n de un evento automovil\u00edstico que atrajo a m\u00e1s de 5 mil personas ansiosas de emociones y velocidad. El escenario del V\u00edctor Garc\u00eda fue testigo de un r\u00e9cord absoluto de asistencia, demostrando una vez m\u00e1s la pasi\u00f3n desenfrenada que la comunidad alvearense siente por el mundo de los motores.<\/p>\n<p>El bullicio y la emoci\u00f3n se apoderaron del ambiente, mientras los motores rug\u00edan en la pista, deleitando a los aficionados que se congregaron para disfrutar del espect\u00e1culo.<\/p>\n<p>La presencia masiva de entusiastas resalta la relevancia y el impacto positivo que eventos de esta naturaleza tienen en la comunidad, promoviendo el entretenimiento sano y fortaleciendo los lazos entre vecinos en torno a una pasi\u00f3n compartida.<\/p>\n<p>\u201cEl evento ha salido espectacular, con buen clima y mucha gente. Se trabaj\u00f3 en conjunto con la municipalidad y el ACA para que todo saliera bien. Los pilotos est\u00e1n contentos con el circuito. Se espera poder organizar una segunda fecha en lo que queda del a\u00f1o. Agradecimientos a todos los que colaboraron para el \u00e9xito del evento\u201d, dijo Mauricio Olgu\u00edn, desde la Direcci\u00f3n de Deportes de la comuna.<\/p>\n<p>Este domingo no solo se marc\u00f3 un momento memorable para Alvear, sino que tambi\u00e9n subraya la importancia de continuar fomentando este tipo de actividades que enriquecen el tejido social y cultural de la regi\u00f3n.<\/p>\n<p>\u201cComimos un asado con familia y amigos, disfrutando de las carreras que son espectaculares en un d\u00eda perfecto. La gente es muy fierrera y disfruta de los eventos en la zona. La entrada era accesible y el circuito estaba en buen estado\u201d, dijo Miguel Sevega, un vecino agolpado a las orillas del aut\u00f3dromo.<\/p>\n<p>El \u00e9xito rotundo de esta convocatoria es un testimonio elocuente del esp\u00edritu apasionado y vibrante que define a General Alvear, consolidando su reputaci\u00f3n como epicentro del automovilismo y asegurando que eventos futuros seguir\u00e1n siendo celebrados con entusiasmo y participaci\u00f3n masiva.<\/p>\n","protected":false},"excerpt":{"rendered":"<p>Alvear vivi\u00f3 un fin de semana hist\u00f3rico con la celebraci\u00f3n de un evento automovil\u00edstico que atrajo a m\u00e1s de 5 mil personas ansiosas de emociones y velocidad. El escenario del V\u00edctor Garc\u00eda fue testigo de un r\u00e9cord absoluto de asistencia, demostrando una vez m\u00e1s la pasi\u00f3n desenfrenada que la comunidad alvearense siente por el mundo &hellip;<\/p>\n<p class=\"read-more\"> <a class=\"\" href=\"https:\/\/identidadalvearense.com.ar\/?p=3095\"> <span class=\"screen-reader-text\">M\u00e1s de 5 mil personas disfrutaron del automovilismo en el V\u00edctor Garc\u00eda<\/span> Leer m\u00e1s &raquo;<\/a><\/p>\n","protected":false},"author":2,"featured_media":3096,"comment_status":"closed","ping_status":"closed","sticky":false,"template":"","format":"standard","meta":{"site-sidebar-layout":"default","site-content-layout":"default","ast-main-header-display":"","ast-hfb-above-header-display":"","ast-hfb-below-header-display":"","ast-hfb-mobile-header-display":"","site-post-title":"","ast-breadcrumbs-content":"","ast-featured-img":"","footer-sml-layout":"","theme-transparent-header-meta":"default","adv-header-id-meta":"","stick-header-meta":"","header-above-stick-meta":"","header-main-stick-meta":"","header-below-stick-meta":"","footnotes":""},"categories":[21],"tags":[],"class_list":["post-3095","post","type-post","status-publish","format-standard","has-post-thumbnail","hentry","category-actualidad"],"yoast_head":"<!-- This site is optimized with the Yoast SEO plugin v23.3 - https:\/\/yoast.com\/wordpress\/plugins\/seo\/ -->\n<title>M\u00e1s de 5 mil personas disfrutaron del automovilismo en el V\u00edctor Garc\u00eda - Identidad Alvearense<\/title>\n<meta name=\"robots\" content=\"index, follow, max-snippet:-1, max-image-preview:large, max-video-preview:-1\" \/>\n<link rel=\"canonical\" href=\"https:\/\/identidadalvearense.com.ar\/?p=3095\" \/>\n<meta property=\"og:locale\" content=\"es_ES\" \/>\n<meta property=\"og:type\" content=\"article\" \/>\n<meta property=\"og:title\" content=\"M\u00e1s de 5 mil personas disfrutaron del automovilismo en el V\u00edctor Garc\u00eda - Identidad Alvearense\" \/>\n<meta property=\"og:description\" content=\"Alvear vivi\u00f3 un fin de semana hist\u00f3rico con la celebraci\u00f3n de un evento automovil\u00edstico que atrajo a m\u00e1s de 5 mil personas ansiosas de emociones y velocidad. El escenario del V\u00edctor Garc\u00eda fue testigo de un r\u00e9cord absoluto de asistencia, demostrando una vez m\u00e1s la pasi\u00f3n desenfrenada que la comunidad alvearense siente por el mundo &hellip; M\u00e1s de 5 mil personas disfrutaron del automovilismo en el V\u00edctor Garc\u00eda Leer m\u00e1s &raquo;\" \/>\n<meta property=\"og:url\" content=\"https:\/\/identidadalvearense.com.ar\/?p=3095\" \/>\n<meta property=\"og:site_name\" content=\"Identidad Alvearense\" \/>\n<meta property=\"article:published_time\" content=\"2024-06-10T18:46:33+00:00\" \/>\n<meta property=\"og:image\" content=\"https:\/\/identidadalvearense.com.ar\/wp-content\/uploads\/Fecha-de-Tradicionales-en-el-Victor-Garcia-12.jpg\" \/>\n\t<meta property=\"og:image:width\" content=\"2500\" \/>\n\t<meta property=\"og:image:height\" content=\"1607\" \/>\n\t<meta property=\"og:image:type\" content=\"image\/jpeg\" \/>\n<meta name=\"author\" content=\"Federico Navarro\" \/>\n<meta name=\"twitter:card\" content=\"summary_large_image\" \/>\n<meta name=\"twitter:label1\" content=\"Escrito por\" \/>\n\t<meta name=\"twitter:data1\" content=\"Federico Navarro\" \/>\n\t<meta name=\"twitter:label2\" content=\"Tiempo de lectura\" \/>\n\t<meta name=\"twitter:data2\" content=\"2 minutos\" \/>\n<script type=\"application\/ld+json\" class=\"yoast-schema-graph\">{\"@context\":\"https:\/\/schema.org\",\"@graph\":[{\"@type\":\"Article\",\"@id\":\"https:\/\/identidadalvearense.com.ar\/?p=3095#article\",\"isPartOf\":{\"@id\":\"https:\/\/identidadalvearense.com.ar\/?p=3095\"},\"author\":{\"name\":\"Federico Navarro\",\"@id\":\"https:\/\/identidadalvearense.com.ar\/#\/schema\/person\/5894277f60529507e524116e53df9cac\"},\"headline\":\"M\u00e1s de 5 mil personas disfrutaron del automovilismo en el V\u00edctor Garc\u00eda\",\"datePublished\":\"2024-06-10T18:46:33+00:00\",\"dateModified\":\"2024-06-10T18:46:33+00:00\",\"mainEntityOfPage\":{\"@id\":\"https:\/\/identidadalvearense.com.ar\/?p=3095\"},\"wordCount\":355,\"publisher\":{\"@id\":\"https:\/\/identidadalvearense.com.ar\/#organization\"},\"image\":{\"@id\":\"https:\/\/identidadalvearense.com.ar\/?p=3095#primaryimage\"},\"thumbnailUrl\":\"https:\/\/identidadalvearense.com.ar\/wp-content\/uploads\/Fecha-de-Tradicionales-en-el-Victor-Garcia-12.jpg\",\"articleSection\":[\"Actualidad\"],\"inLanguage\":\"es\"},{\"@type\":\"WebPage\",\"@id\":\"https:\/\/identidadalvearense.com.ar\/?p=3095\",\"url\":\"https:\/\/identidadalvearense.com.ar\/?p=3095\",\"name\":\"M\u00e1s de 5 mil personas disfrutaron del automovilismo en el V\u00edctor Garc\u00eda - Identidad Alvearense\",\"isPartOf\":{\"@id\":\"https:\/\/identidadalvearense.com.ar\/#website\"},\"primaryImageOfPage\":{\"@id\":\"https:\/\/identidadalvearense.com.ar\/?p=3095#primaryimage\"},\"image\":{\"@id\":\"https:\/\/identidadalvearense.com.ar\/?p=3095#primaryimage\"},\"thumbnailUrl\":\"https:\/\/identidadalvearense.com.ar\/wp-content\/uploads\/Fecha-de-Tradicionales-en-el-Victor-Garcia-12.jpg\",\"datePublished\":\"2024-06-10T18:46:33+00:00\",\"dateModified\":\"2024-06-10T18:46:33+00:00\",\"breadcrumb\":{\"@id\":\"https:\/\/identidadalvearense.com.ar\/?p=3095#breadcrumb\"},\"inLanguage\":\"es\",\"potentialAction\":[{\"@type\":\"ReadAction\",\"target\":[\"https:\/\/identidadalvearense.com.ar\/?p=3095\"]}]},{\"@type\":\"ImageObject\",\"inLanguage\":\"es\",\"@id\":\"https:\/\/identidadalvearense.com.ar\/?p=3095#primaryimage\",\"url\":\"https:\/\/identidadalvearense.com.ar\/wp-content\/uploads\/Fecha-de-Tradicionales-en-el-Victor-Garcia-12.jpg\",\"contentUrl\":\"https:\/\/identidadalvearense.com.ar\/wp-content\/uploads\/Fecha-de-Tradicionales-en-el-Victor-Garcia-12.jpg\",\"width\":2500,\"height\":1607},{\"@type\":\"BreadcrumbList\",\"@id\":\"https:\/\/identidadalvearense.com.ar\/?p=3095#breadcrumb\",\"itemListElement\":[{\"@type\":\"ListItem\",\"position\":1,\"name\":\"Portada\",\"item\":\"https:\/\/identidadalvearense.com.ar\/\"},{\"@type\":\"ListItem\",\"position\":2,\"name\":\"M\u00e1s de 5 mil personas disfrutaron del automovilismo en el V\u00edctor Garc\u00eda\"}]},{\"@type\":\"WebSite\",\"@id\":\"https:\/\/identidadalvearense.com.ar\/#website\",\"url\":\"https:\/\/identidadalvearense.com.ar\/\",\"name\":\"Identidad Alvearense\",\"description\":\"Miranos en Youtube, escuchanos en Cadena Cooperativa 98.1\",\"publisher\":{\"@id\":\"https:\/\/identidadalvearense.com.ar\/#organization\"},\"potentialAction\":[{\"@type\":\"SearchAction\",\"target\":{\"@type\":\"EntryPoint\",\"urlTemplate\":\"https:\/\/identidadalvearense.com.ar\/?s={search_term_string}\"},\"query-input\":\"required name=search_term_string\"}],\"inLanguage\":\"es\"},{\"@type\":\"Organization\",\"@id\":\"https:\/\/identidadalvearense.com.ar\/#organization\",\"name\":\"Identidad Alvearense\",\"url\":\"https:\/\/identidadalvearense.com.ar\/\",\"logo\":{\"@type\":\"ImageObject\",\"inLanguage\":\"es\",\"@id\":\"https:\/\/identidadalvearense.com.ar\/#\/schema\/logo\/image\/\",\"url\":\"https:\/\/identidadalvearense.com.ar\/wp-content\/uploads\/cropped-Identidad-Alvearense-Logochico.png\",\"contentUrl\":\"https:\/\/identidadalvearense.com.ar\/wp-content\/uploads\/cropped-Identidad-Alvearense-Logochico.png\",\"width\":300,\"height\":469,\"caption\":\"Identidad Alvearense\"},\"image\":{\"@id\":\"https:\/\/identidadalvearense.com.ar\/#\/schema\/logo\/image\/\"}},{\"@type\":\"Person\",\"@id\":\"https:\/\/identidadalvearense.com.ar\/#\/schema\/person\/5894277f60529507e524116e53df9cac\",\"name\":\"Federico Navarro\",\"sameAs\":[\"https:\/\/identidadalvearense.com.ar\"],\"url\":\"https:\/\/identidadalvearense.com.ar\/?author=2\"}]}<\/script>\n<!-- \/ Yoast SEO plugin. -->","yoast_head_json":{"title":"M\u00e1s de 5 mil personas disfrutaron del automovilismo en el V\u00edctor Garc\u00eda - Identidad Alvearense","robots":{"index":"index","follow":"follow","max-snippet":"max-snippet:-1","max-image-preview":"max-image-preview:large","max-video-preview":"max-video-preview:-1"},"canonical":"https:\/\/identidadalvearense.com.ar\/?p=3095","og_locale":"es_ES","og_type":"article","og_title":"M\u00e1s de 5 mil personas disfrutaron del automovilismo en el V\u00edctor Garc\u00eda - Identidad Alvearense","og_description":"Alvear vivi\u00f3 un fin de semana hist\u00f3rico con la celebraci\u00f3n de un evento automovil\u00edstico que atrajo a m\u00e1s de 5 mil personas ansiosas de emociones y velocidad. El escenario del V\u00edctor Garc\u00eda fue testigo de un r\u00e9cord absoluto de asistencia, demostrando una vez m\u00e1s la pasi\u00f3n desenfrenada que la comunidad alvearense siente por el mundo &hellip; M\u00e1s de 5 mil personas disfrutaron del automovilismo en el V\u00edctor Garc\u00eda Leer m\u00e1s &raquo;","og_url":"https:\/\/identidadalvearense.com.ar\/?p=3095","og_site_name":"Identidad Alvearense","article_published_time":"2024-06-10T18:46:33+00:00","og_image":[{"width":2500,"height":1607,"url":"https:\/\/identidadalvearense.com.ar\/wp-content\/uploads\/Fecha-de-Tradicionales-en-el-Victor-Garcia-12.jpg","type":"image\/jpeg"}],"author":"Federico Navarro","twitter_card":"summary_large_image","twitter_misc":{"Escrito por":"Federico Navarro","Tiempo de lectura":"2 minutos"},"schema":{"@context":"https:\/\/schema.org","@graph":[{"@type":"Article","@id":"https:\/\/identidadalvearense.com.ar\/?p=3095#article","isPartOf":{"@id":"https:\/\/identidadalvearense.com.ar\/?p=3095"},"author":{"name":"Federico Navarro","@id":"https:\/\/identidadalvearense.com.ar\/#\/schema\/person\/5894277f60529507e524116e53df9cac"},"headline":"M\u00e1s de 5 mil personas disfrutaron del automovilismo en el V\u00edctor Garc\u00eda","datePublished":"2024-06-10T18:46:33+00:00","dateModified":"2024-06-10T18:46:33+00:00","mainEntityOfPage":{"@id":"https:\/\/identidadalvearense.com.ar\/?p=3095"},"wordCount":355,"publisher":{"@id":"https:\/\/identidadalvearense.com.ar\/#organization"},"image":{"@id":"https:\/\/identidadalvearense.com.ar\/?p=3095#primaryimage"},"thumbnailUrl":"https:\/\/identidadalvearense.com.ar\/wp-content\/uploads\/Fecha-de-Tradicionales-en-el-Victor-Garcia-12.jpg","articleSection":["Actualidad"],"inLanguage":"es"},{"@type":"WebPage","@id":"https:\/\/identidadalvearense.com.ar\/?p=3095","url":"https:\/\/identidadalvearense.com.ar\/?p=3095","name":"M\u00e1s de 5 mil personas disfrutaron del automovilismo en el V\u00edctor Garc\u00eda - Identidad Alvearense","isPartOf":{"@id":"https:\/\/identidadalvearense.com.ar\/#website"},"primaryImageOfPage":{"@id":"https:\/\/identidadalvearense.com.ar\/?p=3095#primaryimage"},"image":{"@id":"https:\/\/identidadalvearense.com.ar\/?p=3095#primaryimage"},"thumbnailUrl":"https:\/\/identidadalvearense.com.ar\/wp-content\/uploads\/Fecha-de-Tradicionales-en-el-Victor-Garcia-12.jpg","datePublished":"2024-06-10T18:46:33+00:00","dateModified":"2024-06-10T18:46:33+00:00","breadcrumb":{"@id":"https:\/\/identidadalvearense.com.ar\/?p=3095#breadcrumb"},"inLanguage":"es","potentialAction":[{"@type":"ReadAction","target":["https:\/\/identidadalvearense.com.ar\/?p=3095"]}]},{"@type":"ImageObject","inLanguage":"es","@id":"https:\/\/identidadalvearense.com.ar\/?p=3095#primaryimage","url":"https:\/\/identidadalvearense.com.ar\/wp-content\/uploads\/Fecha-de-Tradicionales-en-el-Victor-Garcia-12.jpg","contentUrl":"https:\/\/identidadalvearense.com.ar\/wp-content\/uploads\/Fecha-de-Tradicionales-en-el-Victor-Garcia-12.jpg","width":2500,"height":1607},{"@type":"BreadcrumbList","@id":"https:\/\/identidadalvearense.com.ar\/?p=3095#breadcrumb","itemListElement":[{"@type":"ListItem","position":1,"name":"Portada","item":"https:\/\/identidadalvearense.com.ar\/"},{"@type":"ListItem","position":2,"name":"M\u00e1s de 5 mil personas disfrutaron del automovilismo en el V\u00edctor Garc\u00eda"}]},{"@type":"WebSite","@id":"https:\/\/identidadalvearense.com.ar\/#website","url":"https:\/\/identidadalvearense.com.ar\/","name":"Identidad Alvearense","description":"Miranos en Youtube, escuchanos en Cadena Cooperativa 98.1","publisher":{"@id":"https:\/\/identidadalvearense.com.ar\/#organization"},"potentialAction":[{"@type":"SearchAction","target":{"@type":"EntryPoint","urlTemplate":"https:\/\/identidadalvearense.com.ar\/?s={search_term_string}"},"query-input":"required name=search_term_string"}],"inLanguage":"es"},{"@type":"Organization","@id":"https:\/\/identidadalvearense.com.ar\/#organization","name":"Identidad Alvearense","url":"https:\/\/identidadalvearense.com.ar\/","logo":{"@type":"ImageObject","inLanguage":"es","@id":"https:\/\/identidadalvearense.com.ar\/#\/schema\/logo\/image\/","url":"https:\/\/identidadalvearense.com.ar\/wp-content\/uploads\/cropped-Identidad-Alvearense-Logochico.png","contentUrl":"https:\/\/identidadalvearense.com.ar\/wp-content\/uploads\/cropped-Identidad-Alvearense-Logochico.png","width":300,"height":469,"caption":"Identidad Alvearense"},"image":{"@id":"https:\/\/identidadalvearense.com.ar\/#\/schema\/logo\/image\/"}},{"@type":"Person","@id":"https:\/\/identidadalvearense.com.ar\/#\/schema\/person\/5894277f60529507e524116e53df9cac","name":"Federico Navarro","sameAs":["https:\/\/identidadalvearense.com.ar"],"url":"https:\/\/identidadalvearense.com.ar\/?author=2"}]}},"_links":{"self":[{"href":"https:\/\/identidadalvearense.com.ar\/index.php?rest_route=\/wp\/v2\/posts\/3095","targetHints":{"allow":["GET"]}}],"collection":[{"href":"https:\/\/identidadalvearense.com.ar\/index.php?rest_route=\/wp\/v2\/posts"}],"about":[{"href":"https:\/\/identidadalvearense.com.ar\/index.php?rest_route=\/wp\/v2\/types\/post"}],"author":[{"embeddable":true,"href":"https:\/\/identidadalvearense.com.ar\/index.php?rest_route=\/wp\/v2\/users\/2"}],"replies":[{"embeddable":true,"href":"https:\/\/identidadalvearense.com.ar\/index.php?rest_route=%2Fwp%2Fv2%2Fcomments&post=3095"}],"version-history":[{"count":1,"href":"https:\/\/identidadalvearense.com.ar\/index.php?rest_route=\/wp\/v2\/posts\/3095\/revisions"}],"predecessor-version":[{"id":3097,"href":"https:\/\/identidadalvearense.com.ar\/index.php?rest_route=\/wp\/v2\/posts\/3095\/revisions\/3097"}],"wp:featuredmedia":[{"embeddable":true,"href":"https:\/\/identidadalvearense.com.ar\/index.php?rest_route=\/wp\/v2\/media\/3096"}],"wp:attachment":[{"href":"https:\/\/identidadalvearense.com.ar\/index.php?rest_route=%2Fwp%2Fv2%2Fmedia&parent=3095"}],"wp:term":[{"taxonomy":"category","embeddable":true,"href":"https:\/\/identidadalvearense.com.ar\/index.php?rest_route=%2Fwp%2Fv2%2Fcategories&post=3095"},{"taxonomy":"post_tag","embeddable":true,"href":"https:\/\/identidadalvearense.com.ar\/index.php?rest_route=%2Fwp%2Fv2%2Ftags&post=3095"}],"curies":[{"name":"wp","href":"https:\/\/api.w.org\/{rel}","templated":true}]}}