{"id":3284,"date":"2024-08-26T17:24:49","date_gmt":"2024-08-26T20:24:49","guid":{"rendered":"https:\/\/identidadalvearense.com.ar\/?p=3284"},"modified":"2024-08-26T17:24:49","modified_gmt":"2024-08-26T20:24:49","slug":"primer-festival-del-cantor-cuyano-en-el-club-ferrocarril-oeste","status":"publish","type":"post","link":"https:\/\/identidadalvearense.com.ar\/?p=3284","title":{"rendered":"Primer festival del cantor cuyano en el club Ferrocarril Oeste"},"content":{"rendered":"<p>El pasado fin de semana, el Club Ferrocarril Oeste se convirti\u00f3 en el epicentro de la m\u00fasica cuyana con la celebraci\u00f3n del primer Festival del Cantor Cuyano. Este evento reuni\u00f3 a talentosos artistas de la regi\u00f3n, incluyendo al Duo Sol, Duo Pinto \/Mur Folk Banda, Catalina Barieri y los Tobares, quienes deleitaron al p\u00fablico con su m\u00fasica y su pasi\u00f3n por la tradici\u00f3n cuyana.<\/p>\n<div class=\"ast-oembed-container\"><iframe title=\"Primer festival del cantor cuyano en el club Ferrocarril Oeste\" width=\"500\" height=\"281\" src=\"https:\/\/www.youtube.com\/embed\/odJd5RG9_GY?feature=oembed\" frameborder=\"0\" allow=\"accelerometer; autoplay; clipboard-write; encrypted-media; gyroscope; picture-in-picture; web-share\" referrerpolicy=\"strict-origin-when-cross-origin\" allowfullscreen><\/iframe><\/div>\n<p>El festival no solo fue una fiesta de melod\u00edas y ritmos, sino que tambi\u00e9n rindi\u00f3 homenaje al querido cantautor Carlos Franco, una figura emblem\u00e1tica de la m\u00fasica cuyana. Su legado fue recordado con cari\u00f1o y respeto, destacando la influencia que ha tenido en generaciones de m\u00fasicos y amantes de la m\u00fasica folcl\u00f3rica.<\/p>\n<p>La convocatoria en el club fue notable, con un ambiente festivo que uni\u00f3 a familias y amigos en una celebraci\u00f3n de la cultura local. Los asistentes disfrutaron de una noche llena de emociones, donde la m\u00fasica reson\u00f3 en cada rinc\u00f3n, creando un espacio de encuentro y alegr\u00eda.<\/p>\n<p>Los organizadores expresaron su satisfacci\u00f3n \u201cpor la respuesta del p\u00fablico y manifestaron su deseo de que este festival sea solo el primero de muchos m\u00e1s que se realicen en la zona\u201d, seg\u00fan destac\u00f3 la Delegada de Alvear Oeste Jimena Garc\u00eda. La comunidad ha demostrado un fuerte inter\u00e9s por la m\u00fasica cuyana, y este evento es un paso importante para fortalecer las ra\u00edces culturales en el distrito.<\/p>\n","protected":false},"excerpt":{"rendered":"<p>El pasado fin de semana, el Club Ferrocarril Oeste se convirti\u00f3 en el epicentro de la m\u00fasica cuyana con la celebraci\u00f3n del primer Festival del Cantor Cuyano. Este evento reuni\u00f3 a talentosos artistas de la regi\u00f3n, incluyendo al Duo Sol, Duo Pinto \/Mur Folk Banda, Catalina Barieri y los Tobares, quienes deleitaron al p\u00fablico con &hellip;<\/p>\n<p class=\"read-more\"> <a class=\"\" href=\"https:\/\/identidadalvearense.com.ar\/?p=3284\"> <span class=\"screen-reader-text\">Primer festival del cantor cuyano en el club Ferrocarril Oeste<\/span> Leer m\u00e1s &raquo;<\/a><\/p>\n","protected":false},"author":2,"featured_media":3285,"comment_status":"closed","ping_status":"closed","sticky":false,"template":"","format":"standard","meta":{"site-sidebar-layout":"default","site-content-layout":"default","ast-main-header-display":"","ast-hfb-above-header-display":"","ast-hfb-below-header-display":"","ast-hfb-mobile-header-display":"","site-post-title":"","ast-breadcrumbs-content":"","ast-featured-img":"","footer-sml-layout":"","theme-transparent-header-meta":"default","adv-header-id-meta":"","stick-header-meta":"","header-above-stick-meta":"","header-main-stick-meta":"","header-below-stick-meta":"","footnotes":""},"categories":[21],"tags":[],"class_list":["post-3284","post","type-post","status-publish","format-standard","has-post-thumbnail","hentry","category-actualidad"],"yoast_head":"<!-- This site is optimized with the Yoast SEO plugin v23.3 - https:\/\/yoast.com\/wordpress\/plugins\/seo\/ -->\n<title>Primer festival del cantor cuyano en el club Ferrocarril Oeste - Identidad Alvearense<\/title>\n<meta name=\"robots\" content=\"index, follow, max-snippet:-1, max-image-preview:large, max-video-preview:-1\" \/>\n<link rel=\"canonical\" href=\"https:\/\/identidadalvearense.com.ar\/?p=3284\" \/>\n<meta property=\"og:locale\" content=\"es_ES\" \/>\n<meta property=\"og:type\" content=\"article\" \/>\n<meta property=\"og:title\" content=\"Primer festival del cantor cuyano en el club Ferrocarril Oeste - Identidad Alvearense\" \/>\n<meta property=\"og:description\" content=\"El pasado fin de semana, el Club Ferrocarril Oeste se convirti\u00f3 en el epicentro de la m\u00fasica cuyana con la celebraci\u00f3n del primer Festival del Cantor Cuyano. Este evento reuni\u00f3 a talentosos artistas de la regi\u00f3n, incluyendo al Duo Sol, Duo Pinto \/Mur Folk Banda, Catalina Barieri y los Tobares, quienes deleitaron al p\u00fablico con &hellip; Primer festival del cantor cuyano en el club Ferrocarril Oeste Leer m\u00e1s &raquo;\" \/>\n<meta property=\"og:url\" content=\"https:\/\/identidadalvearense.com.ar\/?p=3284\" \/>\n<meta property=\"og:site_name\" content=\"Identidad Alvearense\" \/>\n<meta property=\"article:published_time\" content=\"2024-08-26T20:24:49+00:00\" \/>\n<meta property=\"og:image\" content=\"https:\/\/identidadalvearense.com.ar\/wp-content\/uploads\/WhatsApp-Image-2024-08-26-at-09.19.28.jpeg\" \/>\n\t<meta property=\"og:image:width\" content=\"1600\" \/>\n\t<meta property=\"og:image:height\" content=\"1068\" \/>\n\t<meta property=\"og:image:type\" content=\"image\/jpeg\" \/>\n<meta name=\"author\" content=\"Federico Navarro\" \/>\n<meta name=\"twitter:card\" content=\"summary_large_image\" \/>\n<meta name=\"twitter:label1\" content=\"Escrito por\" \/>\n\t<meta name=\"twitter:data1\" content=\"Federico Navarro\" \/>\n\t<meta name=\"twitter:label2\" content=\"Tiempo de lectura\" \/>\n\t<meta name=\"twitter:data2\" content=\"2 minutos\" \/>\n<script type=\"application\/ld+json\" class=\"yoast-schema-graph\">{\"@context\":\"https:\/\/schema.org\",\"@graph\":[{\"@type\":\"Article\",\"@id\":\"https:\/\/identidadalvearense.com.ar\/?p=3284#article\",\"isPartOf\":{\"@id\":\"https:\/\/identidadalvearense.com.ar\/?p=3284\"},\"author\":{\"name\":\"Federico Navarro\",\"@id\":\"https:\/\/identidadalvearense.com.ar\/#\/schema\/person\/5894277f60529507e524116e53df9cac\"},\"headline\":\"Primer festival del cantor cuyano en el club Ferrocarril Oeste\",\"datePublished\":\"2024-08-26T20:24:49+00:00\",\"dateModified\":\"2024-08-26T20:24:49+00:00\",\"mainEntityOfPage\":{\"@id\":\"https:\/\/identidadalvearense.com.ar\/?p=3284\"},\"wordCount\":277,\"publisher\":{\"@id\":\"https:\/\/identidadalvearense.com.ar\/#organization\"},\"image\":{\"@id\":\"https:\/\/identidadalvearense.com.ar\/?p=3284#primaryimage\"},\"thumbnailUrl\":\"https:\/\/identidadalvearense.com.ar\/wp-content\/uploads\/WhatsApp-Image-2024-08-26-at-09.19.28.jpeg\",\"articleSection\":[\"Actualidad\"],\"inLanguage\":\"es\"},{\"@type\":\"WebPage\",\"@id\":\"https:\/\/identidadalvearense.com.ar\/?p=3284\",\"url\":\"https:\/\/identidadalvearense.com.ar\/?p=3284\",\"name\":\"Primer festival del cantor cuyano en el club Ferrocarril Oeste - Identidad Alvearense\",\"isPartOf\":{\"@id\":\"https:\/\/identidadalvearense.com.ar\/#website\"},\"primaryImageOfPage\":{\"@id\":\"https:\/\/identidadalvearense.com.ar\/?p=3284#primaryimage\"},\"image\":{\"@id\":\"https:\/\/identidadalvearense.com.ar\/?p=3284#primaryimage\"},\"thumbnailUrl\":\"https:\/\/identidadalvearense.com.ar\/wp-content\/uploads\/WhatsApp-Image-2024-08-26-at-09.19.28.jpeg\",\"datePublished\":\"2024-08-26T20:24:49+00:00\",\"dateModified\":\"2024-08-26T20:24:49+00:00\",\"breadcrumb\":{\"@id\":\"https:\/\/identidadalvearense.com.ar\/?p=3284#breadcrumb\"},\"inLanguage\":\"es\",\"potentialAction\":[{\"@type\":\"ReadAction\",\"target\":[\"https:\/\/identidadalvearense.com.ar\/?p=3284\"]}]},{\"@type\":\"ImageObject\",\"inLanguage\":\"es\",\"@id\":\"https:\/\/identidadalvearense.com.ar\/?p=3284#primaryimage\",\"url\":\"https:\/\/identidadalvearense.com.ar\/wp-content\/uploads\/WhatsApp-Image-2024-08-26-at-09.19.28.jpeg\",\"contentUrl\":\"https:\/\/identidadalvearense.com.ar\/wp-content\/uploads\/WhatsApp-Image-2024-08-26-at-09.19.28.jpeg\",\"width\":1600,\"height\":1068},{\"@type\":\"BreadcrumbList\",\"@id\":\"https:\/\/identidadalvearense.com.ar\/?p=3284#breadcrumb\",\"itemListElement\":[{\"@type\":\"ListItem\",\"position\":1,\"name\":\"Portada\",\"item\":\"https:\/\/identidadalvearense.com.ar\/\"},{\"@type\":\"ListItem\",\"position\":2,\"name\":\"Primer festival del cantor cuyano en el club Ferrocarril Oeste\"}]},{\"@type\":\"WebSite\",\"@id\":\"https:\/\/identidadalvearense.com.ar\/#website\",\"url\":\"https:\/\/identidadalvearense.com.ar\/\",\"name\":\"Identidad Alvearense\",\"description\":\"Miranos en Youtube, escuchanos en Cadena Cooperativa 98.1\",\"publisher\":{\"@id\":\"https:\/\/identidadalvearense.com.ar\/#organization\"},\"potentialAction\":[{\"@type\":\"SearchAction\",\"target\":{\"@type\":\"EntryPoint\",\"urlTemplate\":\"https:\/\/identidadalvearense.com.ar\/?s={search_term_string}\"},\"query-input\":\"required name=search_term_string\"}],\"inLanguage\":\"es\"},{\"@type\":\"Organization\",\"@id\":\"https:\/\/identidadalvearense.com.ar\/#organization\",\"name\":\"Identidad Alvearense\",\"url\":\"https:\/\/identidadalvearense.com.ar\/\",\"logo\":{\"@type\":\"ImageObject\",\"inLanguage\":\"es\",\"@id\":\"https:\/\/identidadalvearense.com.ar\/#\/schema\/logo\/image\/\",\"url\":\"https:\/\/identidadalvearense.com.ar\/wp-content\/uploads\/cropped-Identidad-Alvearense-Logochico.png\",\"contentUrl\":\"https:\/\/identidadalvearense.com.ar\/wp-content\/uploads\/cropped-Identidad-Alvearense-Logochico.png\",\"width\":300,\"height\":469,\"caption\":\"Identidad Alvearense\"},\"image\":{\"@id\":\"https:\/\/identidadalvearense.com.ar\/#\/schema\/logo\/image\/\"}},{\"@type\":\"Person\",\"@id\":\"https:\/\/identidadalvearense.com.ar\/#\/schema\/person\/5894277f60529507e524116e53df9cac\",\"name\":\"Federico Navarro\",\"sameAs\":[\"https:\/\/identidadalvearense.com.ar\"],\"url\":\"https:\/\/identidadalvearense.com.ar\/?author=2\"}]}<\/script>\n<!-- \/ Yoast SEO plugin. -->","yoast_head_json":{"title":"Primer festival del cantor cuyano en el club Ferrocarril Oeste - Identidad Alvearense","robots":{"index":"index","follow":"follow","max-snippet":"max-snippet:-1","max-image-preview":"max-image-preview:large","max-video-preview":"max-video-preview:-1"},"canonical":"https:\/\/identidadalvearense.com.ar\/?p=3284","og_locale":"es_ES","og_type":"article","og_title":"Primer festival del cantor cuyano en el club Ferrocarril Oeste - Identidad Alvearense","og_description":"El pasado fin de semana, el Club Ferrocarril Oeste se convirti\u00f3 en el epicentro de la m\u00fasica cuyana con la celebraci\u00f3n del primer Festival del Cantor Cuyano. Este evento reuni\u00f3 a talentosos artistas de la regi\u00f3n, incluyendo al Duo Sol, Duo Pinto \/Mur Folk Banda, Catalina Barieri y los Tobares, quienes deleitaron al p\u00fablico con &hellip; Primer festival del cantor cuyano en el club Ferrocarril Oeste Leer m\u00e1s &raquo;","og_url":"https:\/\/identidadalvearense.com.ar\/?p=3284","og_site_name":"Identidad Alvearense","article_published_time":"2024-08-26T20:24:49+00:00","og_image":[{"width":1600,"height":1068,"url":"https:\/\/identidadalvearense.com.ar\/wp-content\/uploads\/WhatsApp-Image-2024-08-26-at-09.19.28.jpeg","type":"image\/jpeg"}],"author":"Federico Navarro","twitter_card":"summary_large_image","twitter_misc":{"Escrito por":"Federico Navarro","Tiempo de lectura":"2 minutos"},"schema":{"@context":"https:\/\/schema.org","@graph":[{"@type":"Article","@id":"https:\/\/identidadalvearense.com.ar\/?p=3284#article","isPartOf":{"@id":"https:\/\/identidadalvearense.com.ar\/?p=3284"},"author":{"name":"Federico Navarro","@id":"https:\/\/identidadalvearense.com.ar\/#\/schema\/person\/5894277f60529507e524116e53df9cac"},"headline":"Primer festival del cantor cuyano en el club Ferrocarril Oeste","datePublished":"2024-08-26T20:24:49+00:00","dateModified":"2024-08-26T20:24:49+00:00","mainEntityOfPage":{"@id":"https:\/\/identidadalvearense.com.ar\/?p=3284"},"wordCount":277,"publisher":{"@id":"https:\/\/identidadalvearense.com.ar\/#organization"},"image":{"@id":"https:\/\/identidadalvearense.com.ar\/?p=3284#primaryimage"},"thumbnailUrl":"https:\/\/identidadalvearense.com.ar\/wp-content\/uploads\/WhatsApp-Image-2024-08-26-at-09.19.28.jpeg","articleSection":["Actualidad"],"inLanguage":"es"},{"@type":"WebPage","@id":"https:\/\/identidadalvearense.com.ar\/?p=3284","url":"https:\/\/identidadalvearense.com.ar\/?p=3284","name":"Primer festival del cantor cuyano en el club Ferrocarril Oeste - Identidad Alvearense","isPartOf":{"@id":"https:\/\/identidadalvearense.com.ar\/#website"},"primaryImageOfPage":{"@id":"https:\/\/identidadalvearense.com.ar\/?p=3284#primaryimage"},"image":{"@id":"https:\/\/identidadalvearense.com.ar\/?p=3284#primaryimage"},"thumbnailUrl":"https:\/\/identidadalvearense.com.ar\/wp-content\/uploads\/WhatsApp-Image-2024-08-26-at-09.19.28.jpeg","datePublished":"2024-08-26T20:24:49+00:00","dateModified":"2024-08-26T20:24:49+00:00","breadcrumb":{"@id":"https:\/\/identidadalvearense.com.ar\/?p=3284#breadcrumb"},"inLanguage":"es","potentialAction":[{"@type":"ReadAction","target":["https:\/\/identidadalvearense.com.ar\/?p=3284"]}]},{"@type":"ImageObject","inLanguage":"es","@id":"https:\/\/identidadalvearense.com.ar\/?p=3284#primaryimage","url":"https:\/\/identidadalvearense.com.ar\/wp-content\/uploads\/WhatsApp-Image-2024-08-26-at-09.19.28.jpeg","contentUrl":"https:\/\/identidadalvearense.com.ar\/wp-content\/uploads\/WhatsApp-Image-2024-08-26-at-09.19.28.jpeg","width":1600,"height":1068},{"@type":"BreadcrumbList","@id":"https:\/\/identidadalvearense.com.ar\/?p=3284#breadcrumb","itemListElement":[{"@type":"ListItem","position":1,"name":"Portada","item":"https:\/\/identidadalvearense.com.ar\/"},{"@type":"ListItem","position":2,"name":"Primer festival del cantor cuyano en el club Ferrocarril Oeste"}]},{"@type":"WebSite","@id":"https:\/\/identidadalvearense.com.ar\/#website","url":"https:\/\/identidadalvearense.com.ar\/","name":"Identidad Alvearense","description":"Miranos en Youtube, escuchanos en Cadena Cooperativa 98.1","publisher":{"@id":"https:\/\/identidadalvearense.com.ar\/#organization"},"potentialAction":[{"@type":"SearchAction","target":{"@type":"EntryPoint","urlTemplate":"https:\/\/identidadalvearense.com.ar\/?s={search_term_string}"},"query-input":"required name=search_term_string"}],"inLanguage":"es"},{"@type":"Organization","@id":"https:\/\/identidadalvearense.com.ar\/#organization","name":"Identidad Alvearense","url":"https:\/\/identidadalvearense.com.ar\/","logo":{"@type":"ImageObject","inLanguage":"es","@id":"https:\/\/identidadalvearense.com.ar\/#\/schema\/logo\/image\/","url":"https:\/\/identidadalvearense.com.ar\/wp-content\/uploads\/cropped-Identidad-Alvearense-Logochico.png","contentUrl":"https:\/\/identidadalvearense.com.ar\/wp-content\/uploads\/cropped-Identidad-Alvearense-Logochico.png","width":300,"height":469,"caption":"Identidad Alvearense"},"image":{"@id":"https:\/\/identidadalvearense.com.ar\/#\/schema\/logo\/image\/"}},{"@type":"Person","@id":"https:\/\/identidadalvearense.com.ar\/#\/schema\/person\/5894277f60529507e524116e53df9cac","name":"Federico Navarro","sameAs":["https:\/\/identidadalvearense.com.ar"],"url":"https:\/\/identidadalvearense.com.ar\/?author=2"}]}},"_links":{"self":[{"href":"https:\/\/identidadalvearense.com.ar\/index.php?rest_route=\/wp\/v2\/posts\/3284","targetHints":{"allow":["GET"]}}],"collection":[{"href":"https:\/\/identidadalvearense.com.ar\/index.php?rest_route=\/wp\/v2\/posts"}],"about":[{"href":"https:\/\/identidadalvearense.com.ar\/index.php?rest_route=\/wp\/v2\/types\/post"}],"author":[{"embeddable":true,"href":"https:\/\/identidadalvearense.com.ar\/index.php?rest_route=\/wp\/v2\/users\/2"}],"replies":[{"embeddable":true,"href":"https:\/\/identidadalvearense.com.ar\/index.php?rest_route=%2Fwp%2Fv2%2Fcomments&post=3284"}],"version-history":[{"count":1,"href":"https:\/\/identidadalvearense.com.ar\/index.php?rest_route=\/wp\/v2\/posts\/3284\/revisions"}],"predecessor-version":[{"id":3286,"href":"https:\/\/identidadalvearense.com.ar\/index.php?rest_route=\/wp\/v2\/posts\/3284\/revisions\/3286"}],"wp:featuredmedia":[{"embeddable":true,"href":"https:\/\/identidadalvearense.com.ar\/index.php?rest_route=\/wp\/v2\/media\/3285"}],"wp:attachment":[{"href":"https:\/\/identidadalvearense.com.ar\/index.php?rest_route=%2Fwp%2Fv2%2Fmedia&parent=3284"}],"wp:term":[{"taxonomy":"category","embeddable":true,"href":"https:\/\/identidadalvearense.com.ar\/index.php?rest_route=%2Fwp%2Fv2%2Fcategories&post=3284"},{"taxonomy":"post_tag","embeddable":true,"href":"https:\/\/identidadalvearense.com.ar\/index.php?rest_route=%2Fwp%2Fv2%2Ftags&post=3284"}],"curies":[{"name":"wp","href":"https:\/\/api.w.org\/{rel}","templated":true}]}}