{"id":3298,"date":"2024-08-29T17:02:55","date_gmt":"2024-08-29T20:02:55","guid":{"rendered":"https:\/\/identidadalvearense.com.ar\/?p=3298"},"modified":"2024-08-29T17:02:55","modified_gmt":"2024-08-29T20:02:55","slug":"este-domingo-campeonato-de-invierno-de-speedway-en-el-victor-garcia","status":"publish","type":"post","link":"https:\/\/identidadalvearense.com.ar\/?p=3298","title":{"rendered":"Este domingo: campeonato de invierno de Speedway en el V\u00edctor Garc\u00eda"},"content":{"rendered":"<p>Este domingo, el Aut\u00f3dromo V\u00edctor Garc\u00eda de General Alvear ser\u00e1 el escenario de una nueva fecha del Campeonato de Invierno de Speedway, un evento que ha ido ganando popularidad y atrayendo a pilotos de diversas provincias como Mendoza, Buenos Aires, San Luis y La Pampa.<\/p>\n<p>\u201cLa pista ha sido elogiada por su impecable estado y la excelente organizaci\u00f3n, lo que convierte a este evento en una cita imperdible para los amantes del motociclismo\u201d, dijo Lucio Aguirre desde la Organizaci\u00f3n.<\/p>\n<p>Las actividades comenzar\u00e1n a las 9 de la ma\u00f1ana con las inscripciones, seguidas por pruebas para motos m\u00e1s peque\u00f1as. Las emocionantes carreras dar\u00e1n inicio a partir de las 12 del mediod\u00eda, ofreciendo un espect\u00e1culo lleno de adrenalina y competencia. Uno de los momentos m\u00e1s destacados ser\u00e1 la categor\u00eda Escuela, donde participan chicos menores de 10 a\u00f1os, fomentando as\u00ed el desarrollo de nuevos talentos en el deporte.<\/p>\n<p>Seg\u00fan se dijo, se proyectan un total de 8 fechas para este campeonato; sin embargo, existe la posibilidad de reducirlas a 6 o realizar las carreras cada 21 d\u00edas para completar el torneo.<\/p>\n","protected":false},"excerpt":{"rendered":"<p>Este domingo, el Aut\u00f3dromo V\u00edctor Garc\u00eda de General Alvear ser\u00e1 el escenario de una nueva fecha del Campeonato de Invierno de Speedway, un evento que ha ido ganando popularidad y atrayendo a pilotos de diversas provincias como Mendoza, Buenos Aires, San Luis y La Pampa. \u201cLa pista ha sido elogiada por su impecable estado y &hellip;<\/p>\n<p class=\"read-more\"> <a class=\"\" href=\"https:\/\/identidadalvearense.com.ar\/?p=3298\"> <span class=\"screen-reader-text\">Este domingo: campeonato de invierno de Speedway en el V\u00edctor Garc\u00eda<\/span> Leer m\u00e1s &raquo;<\/a><\/p>\n","protected":false},"author":2,"featured_media":3299,"comment_status":"closed","ping_status":"closed","sticky":false,"template":"","format":"standard","meta":{"site-sidebar-layout":"default","site-content-layout":"default","ast-main-header-display":"","ast-hfb-above-header-display":"","ast-hfb-below-header-display":"","ast-hfb-mobile-header-display":"","site-post-title":"","ast-breadcrumbs-content":"","ast-featured-img":"","footer-sml-layout":"","theme-transparent-header-meta":"default","adv-header-id-meta":"","stick-header-meta":"","header-above-stick-meta":"","header-main-stick-meta":"","header-below-stick-meta":"","footnotes":""},"categories":[21],"tags":[],"class_list":["post-3298","post","type-post","status-publish","format-standard","has-post-thumbnail","hentry","category-actualidad"],"yoast_head":"<!-- This site is optimized with the Yoast SEO plugin v23.3 - https:\/\/yoast.com\/wordpress\/plugins\/seo\/ -->\n<title>Este domingo: campeonato de invierno de Speedway en el V\u00edctor Garc\u00eda - Identidad Alvearense<\/title>\n<meta name=\"robots\" content=\"index, follow, max-snippet:-1, max-image-preview:large, max-video-preview:-1\" \/>\n<link rel=\"canonical\" href=\"https:\/\/identidadalvearense.com.ar\/?p=3298\" \/>\n<meta property=\"og:locale\" content=\"es_ES\" \/>\n<meta property=\"og:type\" content=\"article\" \/>\n<meta property=\"og:title\" content=\"Este domingo: campeonato de invierno de Speedway en el V\u00edctor Garc\u00eda - Identidad Alvearense\" \/>\n<meta property=\"og:description\" content=\"Este domingo, el Aut\u00f3dromo V\u00edctor Garc\u00eda de General Alvear ser\u00e1 el escenario de una nueva fecha del Campeonato de Invierno de Speedway, un evento que ha ido ganando popularidad y atrayendo a pilotos de diversas provincias como Mendoza, Buenos Aires, San Luis y La Pampa. \u201cLa pista ha sido elogiada por su impecable estado y &hellip; Este domingo: campeonato de invierno de Speedway en el V\u00edctor Garc\u00eda Leer m\u00e1s &raquo;\" \/>\n<meta property=\"og:url\" content=\"https:\/\/identidadalvearense.com.ar\/?p=3298\" \/>\n<meta property=\"og:site_name\" content=\"Identidad Alvearense\" \/>\n<meta property=\"article:published_time\" content=\"2024-08-29T20:02:55+00:00\" \/>\n<meta property=\"og:image\" content=\"https:\/\/identidadalvearense.com.ar\/wp-content\/uploads\/WhatsApp-Image-2024-01-22-at-16.37.25-1200x801-1.jpeg\" \/>\n\t<meta property=\"og:image:width\" content=\"1200\" \/>\n\t<meta property=\"og:image:height\" content=\"801\" \/>\n\t<meta property=\"og:image:type\" content=\"image\/jpeg\" \/>\n<meta name=\"author\" content=\"Federico Navarro\" \/>\n<meta name=\"twitter:card\" content=\"summary_large_image\" \/>\n<meta name=\"twitter:label1\" content=\"Escrito por\" \/>\n\t<meta name=\"twitter:data1\" content=\"Federico Navarro\" \/>\n\t<meta name=\"twitter:label2\" content=\"Tiempo de lectura\" \/>\n\t<meta name=\"twitter:data2\" content=\"2 minutos\" \/>\n<script type=\"application\/ld+json\" class=\"yoast-schema-graph\">{\"@context\":\"https:\/\/schema.org\",\"@graph\":[{\"@type\":\"Article\",\"@id\":\"https:\/\/identidadalvearense.com.ar\/?p=3298#article\",\"isPartOf\":{\"@id\":\"https:\/\/identidadalvearense.com.ar\/?p=3298\"},\"author\":{\"name\":\"Federico Navarro\",\"@id\":\"https:\/\/identidadalvearense.com.ar\/#\/schema\/person\/5894277f60529507e524116e53df9cac\"},\"headline\":\"Este domingo: campeonato de invierno de Speedway en el V\u00edctor Garc\u00eda\",\"datePublished\":\"2024-08-29T20:02:55+00:00\",\"dateModified\":\"2024-08-29T20:02:55+00:00\",\"mainEntityOfPage\":{\"@id\":\"https:\/\/identidadalvearense.com.ar\/?p=3298\"},\"wordCount\":202,\"publisher\":{\"@id\":\"https:\/\/identidadalvearense.com.ar\/#organization\"},\"image\":{\"@id\":\"https:\/\/identidadalvearense.com.ar\/?p=3298#primaryimage\"},\"thumbnailUrl\":\"https:\/\/identidadalvearense.com.ar\/wp-content\/uploads\/WhatsApp-Image-2024-01-22-at-16.37.25-1200x801-1.jpeg\",\"articleSection\":[\"Actualidad\"],\"inLanguage\":\"es\"},{\"@type\":\"WebPage\",\"@id\":\"https:\/\/identidadalvearense.com.ar\/?p=3298\",\"url\":\"https:\/\/identidadalvearense.com.ar\/?p=3298\",\"name\":\"Este domingo: campeonato de invierno de Speedway en el V\u00edctor Garc\u00eda - Identidad Alvearense\",\"isPartOf\":{\"@id\":\"https:\/\/identidadalvearense.com.ar\/#website\"},\"primaryImageOfPage\":{\"@id\":\"https:\/\/identidadalvearense.com.ar\/?p=3298#primaryimage\"},\"image\":{\"@id\":\"https:\/\/identidadalvearense.com.ar\/?p=3298#primaryimage\"},\"thumbnailUrl\":\"https:\/\/identidadalvearense.com.ar\/wp-content\/uploads\/WhatsApp-Image-2024-01-22-at-16.37.25-1200x801-1.jpeg\",\"datePublished\":\"2024-08-29T20:02:55+00:00\",\"dateModified\":\"2024-08-29T20:02:55+00:00\",\"breadcrumb\":{\"@id\":\"https:\/\/identidadalvearense.com.ar\/?p=3298#breadcrumb\"},\"inLanguage\":\"es\",\"potentialAction\":[{\"@type\":\"ReadAction\",\"target\":[\"https:\/\/identidadalvearense.com.ar\/?p=3298\"]}]},{\"@type\":\"ImageObject\",\"inLanguage\":\"es\",\"@id\":\"https:\/\/identidadalvearense.com.ar\/?p=3298#primaryimage\",\"url\":\"https:\/\/identidadalvearense.com.ar\/wp-content\/uploads\/WhatsApp-Image-2024-01-22-at-16.37.25-1200x801-1.jpeg\",\"contentUrl\":\"https:\/\/identidadalvearense.com.ar\/wp-content\/uploads\/WhatsApp-Image-2024-01-22-at-16.37.25-1200x801-1.jpeg\",\"width\":1200,\"height\":801},{\"@type\":\"BreadcrumbList\",\"@id\":\"https:\/\/identidadalvearense.com.ar\/?p=3298#breadcrumb\",\"itemListElement\":[{\"@type\":\"ListItem\",\"position\":1,\"name\":\"Portada\",\"item\":\"https:\/\/identidadalvearense.com.ar\/\"},{\"@type\":\"ListItem\",\"position\":2,\"name\":\"Este domingo: campeonato de invierno de Speedway en el V\u00edctor Garc\u00eda\"}]},{\"@type\":\"WebSite\",\"@id\":\"https:\/\/identidadalvearense.com.ar\/#website\",\"url\":\"https:\/\/identidadalvearense.com.ar\/\",\"name\":\"Identidad Alvearense\",\"description\":\"Miranos en Youtube, escuchanos en Cadena Cooperativa 98.1\",\"publisher\":{\"@id\":\"https:\/\/identidadalvearense.com.ar\/#organization\"},\"potentialAction\":[{\"@type\":\"SearchAction\",\"target\":{\"@type\":\"EntryPoint\",\"urlTemplate\":\"https:\/\/identidadalvearense.com.ar\/?s={search_term_string}\"},\"query-input\":\"required name=search_term_string\"}],\"inLanguage\":\"es\"},{\"@type\":\"Organization\",\"@id\":\"https:\/\/identidadalvearense.com.ar\/#organization\",\"name\":\"Identidad Alvearense\",\"url\":\"https:\/\/identidadalvearense.com.ar\/\",\"logo\":{\"@type\":\"ImageObject\",\"inLanguage\":\"es\",\"@id\":\"https:\/\/identidadalvearense.com.ar\/#\/schema\/logo\/image\/\",\"url\":\"https:\/\/identidadalvearense.com.ar\/wp-content\/uploads\/cropped-Identidad-Alvearense-Logochico.png\",\"contentUrl\":\"https:\/\/identidadalvearense.com.ar\/wp-content\/uploads\/cropped-Identidad-Alvearense-Logochico.png\",\"width\":300,\"height\":469,\"caption\":\"Identidad Alvearense\"},\"image\":{\"@id\":\"https:\/\/identidadalvearense.com.ar\/#\/schema\/logo\/image\/\"}},{\"@type\":\"Person\",\"@id\":\"https:\/\/identidadalvearense.com.ar\/#\/schema\/person\/5894277f60529507e524116e53df9cac\",\"name\":\"Federico Navarro\",\"sameAs\":[\"https:\/\/identidadalvearense.com.ar\"],\"url\":\"https:\/\/identidadalvearense.com.ar\/?author=2\"}]}<\/script>\n<!-- \/ Yoast SEO plugin. -->","yoast_head_json":{"title":"Este domingo: campeonato de invierno de Speedway en el V\u00edctor Garc\u00eda - Identidad Alvearense","robots":{"index":"index","follow":"follow","max-snippet":"max-snippet:-1","max-image-preview":"max-image-preview:large","max-video-preview":"max-video-preview:-1"},"canonical":"https:\/\/identidadalvearense.com.ar\/?p=3298","og_locale":"es_ES","og_type":"article","og_title":"Este domingo: campeonato de invierno de Speedway en el V\u00edctor Garc\u00eda - Identidad Alvearense","og_description":"Este domingo, el Aut\u00f3dromo V\u00edctor Garc\u00eda de General Alvear ser\u00e1 el escenario de una nueva fecha del Campeonato de Invierno de Speedway, un evento que ha ido ganando popularidad y atrayendo a pilotos de diversas provincias como Mendoza, Buenos Aires, San Luis y La Pampa. \u201cLa pista ha sido elogiada por su impecable estado y &hellip; Este domingo: campeonato de invierno de Speedway en el V\u00edctor Garc\u00eda Leer m\u00e1s &raquo;","og_url":"https:\/\/identidadalvearense.com.ar\/?p=3298","og_site_name":"Identidad Alvearense","article_published_time":"2024-08-29T20:02:55+00:00","og_image":[{"width":1200,"height":801,"url":"https:\/\/identidadalvearense.com.ar\/wp-content\/uploads\/WhatsApp-Image-2024-01-22-at-16.37.25-1200x801-1.jpeg","type":"image\/jpeg"}],"author":"Federico Navarro","twitter_card":"summary_large_image","twitter_misc":{"Escrito por":"Federico Navarro","Tiempo de lectura":"2 minutos"},"schema":{"@context":"https:\/\/schema.org","@graph":[{"@type":"Article","@id":"https:\/\/identidadalvearense.com.ar\/?p=3298#article","isPartOf":{"@id":"https:\/\/identidadalvearense.com.ar\/?p=3298"},"author":{"name":"Federico Navarro","@id":"https:\/\/identidadalvearense.com.ar\/#\/schema\/person\/5894277f60529507e524116e53df9cac"},"headline":"Este domingo: campeonato de invierno de Speedway en el V\u00edctor Garc\u00eda","datePublished":"2024-08-29T20:02:55+00:00","dateModified":"2024-08-29T20:02:55+00:00","mainEntityOfPage":{"@id":"https:\/\/identidadalvearense.com.ar\/?p=3298"},"wordCount":202,"publisher":{"@id":"https:\/\/identidadalvearense.com.ar\/#organization"},"image":{"@id":"https:\/\/identidadalvearense.com.ar\/?p=3298#primaryimage"},"thumbnailUrl":"https:\/\/identidadalvearense.com.ar\/wp-content\/uploads\/WhatsApp-Image-2024-01-22-at-16.37.25-1200x801-1.jpeg","articleSection":["Actualidad"],"inLanguage":"es"},{"@type":"WebPage","@id":"https:\/\/identidadalvearense.com.ar\/?p=3298","url":"https:\/\/identidadalvearense.com.ar\/?p=3298","name":"Este domingo: campeonato de invierno de Speedway en el V\u00edctor Garc\u00eda - Identidad Alvearense","isPartOf":{"@id":"https:\/\/identidadalvearense.com.ar\/#website"},"primaryImageOfPage":{"@id":"https:\/\/identidadalvearense.com.ar\/?p=3298#primaryimage"},"image":{"@id":"https:\/\/identidadalvearense.com.ar\/?p=3298#primaryimage"},"thumbnailUrl":"https:\/\/identidadalvearense.com.ar\/wp-content\/uploads\/WhatsApp-Image-2024-01-22-at-16.37.25-1200x801-1.jpeg","datePublished":"2024-08-29T20:02:55+00:00","dateModified":"2024-08-29T20:02:55+00:00","breadcrumb":{"@id":"https:\/\/identidadalvearense.com.ar\/?p=3298#breadcrumb"},"inLanguage":"es","potentialAction":[{"@type":"ReadAction","target":["https:\/\/identidadalvearense.com.ar\/?p=3298"]}]},{"@type":"ImageObject","inLanguage":"es","@id":"https:\/\/identidadalvearense.com.ar\/?p=3298#primaryimage","url":"https:\/\/identidadalvearense.com.ar\/wp-content\/uploads\/WhatsApp-Image-2024-01-22-at-16.37.25-1200x801-1.jpeg","contentUrl":"https:\/\/identidadalvearense.com.ar\/wp-content\/uploads\/WhatsApp-Image-2024-01-22-at-16.37.25-1200x801-1.jpeg","width":1200,"height":801},{"@type":"BreadcrumbList","@id":"https:\/\/identidadalvearense.com.ar\/?p=3298#breadcrumb","itemListElement":[{"@type":"ListItem","position":1,"name":"Portada","item":"https:\/\/identidadalvearense.com.ar\/"},{"@type":"ListItem","position":2,"name":"Este domingo: campeonato de invierno de Speedway en el V\u00edctor Garc\u00eda"}]},{"@type":"WebSite","@id":"https:\/\/identidadalvearense.com.ar\/#website","url":"https:\/\/identidadalvearense.com.ar\/","name":"Identidad Alvearense","description":"Miranos en Youtube, escuchanos en Cadena Cooperativa 98.1","publisher":{"@id":"https:\/\/identidadalvearense.com.ar\/#organization"},"potentialAction":[{"@type":"SearchAction","target":{"@type":"EntryPoint","urlTemplate":"https:\/\/identidadalvearense.com.ar\/?s={search_term_string}"},"query-input":"required name=search_term_string"}],"inLanguage":"es"},{"@type":"Organization","@id":"https:\/\/identidadalvearense.com.ar\/#organization","name":"Identidad Alvearense","url":"https:\/\/identidadalvearense.com.ar\/","logo":{"@type":"ImageObject","inLanguage":"es","@id":"https:\/\/identidadalvearense.com.ar\/#\/schema\/logo\/image\/","url":"https:\/\/identidadalvearense.com.ar\/wp-content\/uploads\/cropped-Identidad-Alvearense-Logochico.png","contentUrl":"https:\/\/identidadalvearense.com.ar\/wp-content\/uploads\/cropped-Identidad-Alvearense-Logochico.png","width":300,"height":469,"caption":"Identidad Alvearense"},"image":{"@id":"https:\/\/identidadalvearense.com.ar\/#\/schema\/logo\/image\/"}},{"@type":"Person","@id":"https:\/\/identidadalvearense.com.ar\/#\/schema\/person\/5894277f60529507e524116e53df9cac","name":"Federico Navarro","sameAs":["https:\/\/identidadalvearense.com.ar"],"url":"https:\/\/identidadalvearense.com.ar\/?author=2"}]}},"_links":{"self":[{"href":"https:\/\/identidadalvearense.com.ar\/index.php?rest_route=\/wp\/v2\/posts\/3298","targetHints":{"allow":["GET"]}}],"collection":[{"href":"https:\/\/identidadalvearense.com.ar\/index.php?rest_route=\/wp\/v2\/posts"}],"about":[{"href":"https:\/\/identidadalvearense.com.ar\/index.php?rest_route=\/wp\/v2\/types\/post"}],"author":[{"embeddable":true,"href":"https:\/\/identidadalvearense.com.ar\/index.php?rest_route=\/wp\/v2\/users\/2"}],"replies":[{"embeddable":true,"href":"https:\/\/identidadalvearense.com.ar\/index.php?rest_route=%2Fwp%2Fv2%2Fcomments&post=3298"}],"version-history":[{"count":1,"href":"https:\/\/identidadalvearense.com.ar\/index.php?rest_route=\/wp\/v2\/posts\/3298\/revisions"}],"predecessor-version":[{"id":3300,"href":"https:\/\/identidadalvearense.com.ar\/index.php?rest_route=\/wp\/v2\/posts\/3298\/revisions\/3300"}],"wp:featuredmedia":[{"embeddable":true,"href":"https:\/\/identidadalvearense.com.ar\/index.php?rest_route=\/wp\/v2\/media\/3299"}],"wp:attachment":[{"href":"https:\/\/identidadalvearense.com.ar\/index.php?rest_route=%2Fwp%2Fv2%2Fmedia&parent=3298"}],"wp:term":[{"taxonomy":"category","embeddable":true,"href":"https:\/\/identidadalvearense.com.ar\/index.php?rest_route=%2Fwp%2Fv2%2Fcategories&post=3298"},{"taxonomy":"post_tag","embeddable":true,"href":"https:\/\/identidadalvearense.com.ar\/index.php?rest_route=%2Fwp%2Fv2%2Ftags&post=3298"}],"curies":[{"name":"wp","href":"https:\/\/api.w.org\/{rel}","templated":true}]}}