{"id":3301,"date":"2024-08-29T17:03:39","date_gmt":"2024-08-29T20:03:39","guid":{"rendered":"https:\/\/identidadalvearense.com.ar\/?p=3301"},"modified":"2024-08-29T17:03:39","modified_gmt":"2024-08-29T20:03:39","slug":"primer-torneo-de-ajedrez-infantil-en-escuelas-primarias","status":"publish","type":"post","link":"https:\/\/identidadalvearense.com.ar\/?p=3301","title":{"rendered":"Primer torneo de ajedrez infantil en escuelas primarias"},"content":{"rendered":"<p>Se llev\u00f3 a cabo el primer torneo de la Liga de Ajedrez Infantil, un evento que reuni\u00f3 a j\u00f3venes entusiastas del juego en varias escuelas primarias del departamento. Este torneo tiene como objetivo principal promover los m\u00faltiples beneficios que el ajedrez puede ofrecer a los ni\u00f1os, tales como el desarrollo de la creatividad, el pensamiento r\u00e1pido y habilidades matem\u00e1ticas.<\/p>\n<p>Durante los \u00faltimos meses, se ha trabajado arduamente en diversas instituciones educativas para introducir y fomentar la pr\u00e1ctica del ajedrez. La iniciativa ha contado con la colaboraci\u00f3n de la Escuela de Ajedrez del Municipio, en coordinaci\u00f3n con las \u00e1reas de deporte y educaci\u00f3n.<\/p>\n<p>\u201cEl torneo no solo brinda a los participantes la oportunidad de competir, sino que tambi\u00e9n les permite aprender y compartir experiencias con otros chicos que comparten su mismo inter\u00e9s. De esta manera, se busca cultivar un esp\u00edritu de camarader\u00eda y respeto entre los j\u00f3venes jugadores, mientras desarrollan sus habilidades estrat\u00e9gicas y anal\u00edticas\u201d, dijo el Director de Deportes Alberto G\u00f3mez.<\/p>\n<p>La liga consta de cuatro torneos. El primero se jug\u00f3 ahora, el pr\u00f3ximo de septiembre, en octubre el tercero y finaliza en noviembre con un torneo un poco m\u00e1s grande.<\/p>\n<p>\u201cLos chicos van subiendo puntos a medida que pasan los torneos. Y la idea es, m\u00e1s all\u00e1 de lo deportivo, es que aprendan, se eduquen, conozcan y puedan interiorizarse m\u00e1s en cuestiones del ajedrez\u201d, dijo el profesor Sebasti\u00e1n Lieby.<\/p>\n","protected":false},"excerpt":{"rendered":"<p>Se llev\u00f3 a cabo el primer torneo de la Liga de Ajedrez Infantil, un evento que reuni\u00f3 a j\u00f3venes entusiastas del juego en varias escuelas primarias del departamento. Este torneo tiene como objetivo principal promover los m\u00faltiples beneficios que el ajedrez puede ofrecer a los ni\u00f1os, tales como el desarrollo de la creatividad, el pensamiento &hellip;<\/p>\n<p class=\"read-more\"> <a class=\"\" href=\"https:\/\/identidadalvearense.com.ar\/?p=3301\"> <span class=\"screen-reader-text\">Primer torneo de ajedrez infantil en escuelas primarias<\/span> Leer m\u00e1s &raquo;<\/a><\/p>\n","protected":false},"author":2,"featured_media":3302,"comment_status":"closed","ping_status":"closed","sticky":false,"template":"","format":"standard","meta":{"site-sidebar-layout":"default","site-content-layout":"default","ast-main-header-display":"","ast-hfb-above-header-display":"","ast-hfb-below-header-display":"","ast-hfb-mobile-header-display":"","site-post-title":"","ast-breadcrumbs-content":"","ast-featured-img":"","footer-sml-layout":"","theme-transparent-header-meta":"default","adv-header-id-meta":"","stick-header-meta":"","header-above-stick-meta":"","header-main-stick-meta":"","header-below-stick-meta":"","footnotes":""},"categories":[21],"tags":[],"class_list":["post-3301","post","type-post","status-publish","format-standard","has-post-thumbnail","hentry","category-actualidad"],"yoast_head":"<!-- This site is optimized with the Yoast SEO plugin v23.3 - https:\/\/yoast.com\/wordpress\/plugins\/seo\/ -->\n<title>Primer torneo de ajedrez infantil en escuelas primarias - Identidad Alvearense<\/title>\n<meta name=\"robots\" content=\"index, follow, max-snippet:-1, max-image-preview:large, max-video-preview:-1\" \/>\n<link rel=\"canonical\" href=\"https:\/\/identidadalvearense.com.ar\/?p=3301\" \/>\n<meta property=\"og:locale\" content=\"es_ES\" \/>\n<meta property=\"og:type\" content=\"article\" \/>\n<meta property=\"og:title\" content=\"Primer torneo de ajedrez infantil en escuelas primarias - Identidad Alvearense\" \/>\n<meta property=\"og:description\" content=\"Se llev\u00f3 a cabo el primer torneo de la Liga de Ajedrez Infantil, un evento que reuni\u00f3 a j\u00f3venes entusiastas del juego en varias escuelas primarias del departamento. Este torneo tiene como objetivo principal promover los m\u00faltiples beneficios que el ajedrez puede ofrecer a los ni\u00f1os, tales como el desarrollo de la creatividad, el pensamiento &hellip; Primer torneo de ajedrez infantil en escuelas primarias Leer m\u00e1s &raquo;\" \/>\n<meta property=\"og:url\" content=\"https:\/\/identidadalvearense.com.ar\/?p=3301\" \/>\n<meta property=\"og:site_name\" content=\"Identidad Alvearense\" \/>\n<meta property=\"article:published_time\" content=\"2024-08-29T20:03:39+00:00\" \/>\n<meta property=\"og:image\" content=\"https:\/\/identidadalvearense.com.ar\/wp-content\/uploads\/WhatsApp-Image-2024-08-29-at-11.35.00.jpeg\" \/>\n\t<meta property=\"og:image:width\" content=\"1600\" \/>\n\t<meta property=\"og:image:height\" content=\"898\" \/>\n\t<meta property=\"og:image:type\" content=\"image\/jpeg\" \/>\n<meta name=\"author\" content=\"Federico Navarro\" \/>\n<meta name=\"twitter:card\" content=\"summary_large_image\" \/>\n<meta name=\"twitter:label1\" content=\"Escrito por\" \/>\n\t<meta name=\"twitter:data1\" content=\"Federico Navarro\" \/>\n\t<meta name=\"twitter:label2\" content=\"Tiempo de lectura\" \/>\n\t<meta name=\"twitter:data2\" content=\"2 minutos\" \/>\n<script type=\"application\/ld+json\" class=\"yoast-schema-graph\">{\"@context\":\"https:\/\/schema.org\",\"@graph\":[{\"@type\":\"Article\",\"@id\":\"https:\/\/identidadalvearense.com.ar\/?p=3301#article\",\"isPartOf\":{\"@id\":\"https:\/\/identidadalvearense.com.ar\/?p=3301\"},\"author\":{\"name\":\"Federico Navarro\",\"@id\":\"https:\/\/identidadalvearense.com.ar\/#\/schema\/person\/5894277f60529507e524116e53df9cac\"},\"headline\":\"Primer torneo de ajedrez infantil en escuelas primarias\",\"datePublished\":\"2024-08-29T20:03:39+00:00\",\"dateModified\":\"2024-08-29T20:03:39+00:00\",\"mainEntityOfPage\":{\"@id\":\"https:\/\/identidadalvearense.com.ar\/?p=3301\"},\"wordCount\":260,\"publisher\":{\"@id\":\"https:\/\/identidadalvearense.com.ar\/#organization\"},\"image\":{\"@id\":\"https:\/\/identidadalvearense.com.ar\/?p=3301#primaryimage\"},\"thumbnailUrl\":\"https:\/\/identidadalvearense.com.ar\/wp-content\/uploads\/WhatsApp-Image-2024-08-29-at-11.35.00.jpeg\",\"articleSection\":[\"Actualidad\"],\"inLanguage\":\"es\"},{\"@type\":\"WebPage\",\"@id\":\"https:\/\/identidadalvearense.com.ar\/?p=3301\",\"url\":\"https:\/\/identidadalvearense.com.ar\/?p=3301\",\"name\":\"Primer torneo de ajedrez infantil en escuelas primarias - Identidad Alvearense\",\"isPartOf\":{\"@id\":\"https:\/\/identidadalvearense.com.ar\/#website\"},\"primaryImageOfPage\":{\"@id\":\"https:\/\/identidadalvearense.com.ar\/?p=3301#primaryimage\"},\"image\":{\"@id\":\"https:\/\/identidadalvearense.com.ar\/?p=3301#primaryimage\"},\"thumbnailUrl\":\"https:\/\/identidadalvearense.com.ar\/wp-content\/uploads\/WhatsApp-Image-2024-08-29-at-11.35.00.jpeg\",\"datePublished\":\"2024-08-29T20:03:39+00:00\",\"dateModified\":\"2024-08-29T20:03:39+00:00\",\"breadcrumb\":{\"@id\":\"https:\/\/identidadalvearense.com.ar\/?p=3301#breadcrumb\"},\"inLanguage\":\"es\",\"potentialAction\":[{\"@type\":\"ReadAction\",\"target\":[\"https:\/\/identidadalvearense.com.ar\/?p=3301\"]}]},{\"@type\":\"ImageObject\",\"inLanguage\":\"es\",\"@id\":\"https:\/\/identidadalvearense.com.ar\/?p=3301#primaryimage\",\"url\":\"https:\/\/identidadalvearense.com.ar\/wp-content\/uploads\/WhatsApp-Image-2024-08-29-at-11.35.00.jpeg\",\"contentUrl\":\"https:\/\/identidadalvearense.com.ar\/wp-content\/uploads\/WhatsApp-Image-2024-08-29-at-11.35.00.jpeg\",\"width\":1600,\"height\":898},{\"@type\":\"BreadcrumbList\",\"@id\":\"https:\/\/identidadalvearense.com.ar\/?p=3301#breadcrumb\",\"itemListElement\":[{\"@type\":\"ListItem\",\"position\":1,\"name\":\"Portada\",\"item\":\"https:\/\/identidadalvearense.com.ar\/\"},{\"@type\":\"ListItem\",\"position\":2,\"name\":\"Primer torneo de ajedrez infantil en escuelas primarias\"}]},{\"@type\":\"WebSite\",\"@id\":\"https:\/\/identidadalvearense.com.ar\/#website\",\"url\":\"https:\/\/identidadalvearense.com.ar\/\",\"name\":\"Identidad Alvearense\",\"description\":\"Miranos en Youtube, escuchanos en Cadena Cooperativa 98.1\",\"publisher\":{\"@id\":\"https:\/\/identidadalvearense.com.ar\/#organization\"},\"potentialAction\":[{\"@type\":\"SearchAction\",\"target\":{\"@type\":\"EntryPoint\",\"urlTemplate\":\"https:\/\/identidadalvearense.com.ar\/?s={search_term_string}\"},\"query-input\":\"required name=search_term_string\"}],\"inLanguage\":\"es\"},{\"@type\":\"Organization\",\"@id\":\"https:\/\/identidadalvearense.com.ar\/#organization\",\"name\":\"Identidad Alvearense\",\"url\":\"https:\/\/identidadalvearense.com.ar\/\",\"logo\":{\"@type\":\"ImageObject\",\"inLanguage\":\"es\",\"@id\":\"https:\/\/identidadalvearense.com.ar\/#\/schema\/logo\/image\/\",\"url\":\"https:\/\/identidadalvearense.com.ar\/wp-content\/uploads\/cropped-Identidad-Alvearense-Logochico.png\",\"contentUrl\":\"https:\/\/identidadalvearense.com.ar\/wp-content\/uploads\/cropped-Identidad-Alvearense-Logochico.png\",\"width\":300,\"height\":469,\"caption\":\"Identidad Alvearense\"},\"image\":{\"@id\":\"https:\/\/identidadalvearense.com.ar\/#\/schema\/logo\/image\/\"}},{\"@type\":\"Person\",\"@id\":\"https:\/\/identidadalvearense.com.ar\/#\/schema\/person\/5894277f60529507e524116e53df9cac\",\"name\":\"Federico Navarro\",\"sameAs\":[\"https:\/\/identidadalvearense.com.ar\"],\"url\":\"https:\/\/identidadalvearense.com.ar\/?author=2\"}]}<\/script>\n<!-- \/ Yoast SEO plugin. -->","yoast_head_json":{"title":"Primer torneo de ajedrez infantil en escuelas primarias - Identidad Alvearense","robots":{"index":"index","follow":"follow","max-snippet":"max-snippet:-1","max-image-preview":"max-image-preview:large","max-video-preview":"max-video-preview:-1"},"canonical":"https:\/\/identidadalvearense.com.ar\/?p=3301","og_locale":"es_ES","og_type":"article","og_title":"Primer torneo de ajedrez infantil en escuelas primarias - Identidad Alvearense","og_description":"Se llev\u00f3 a cabo el primer torneo de la Liga de Ajedrez Infantil, un evento que reuni\u00f3 a j\u00f3venes entusiastas del juego en varias escuelas primarias del departamento. Este torneo tiene como objetivo principal promover los m\u00faltiples beneficios que el ajedrez puede ofrecer a los ni\u00f1os, tales como el desarrollo de la creatividad, el pensamiento &hellip; Primer torneo de ajedrez infantil en escuelas primarias Leer m\u00e1s &raquo;","og_url":"https:\/\/identidadalvearense.com.ar\/?p=3301","og_site_name":"Identidad Alvearense","article_published_time":"2024-08-29T20:03:39+00:00","og_image":[{"width":1600,"height":898,"url":"https:\/\/identidadalvearense.com.ar\/wp-content\/uploads\/WhatsApp-Image-2024-08-29-at-11.35.00.jpeg","type":"image\/jpeg"}],"author":"Federico Navarro","twitter_card":"summary_large_image","twitter_misc":{"Escrito por":"Federico Navarro","Tiempo de lectura":"2 minutos"},"schema":{"@context":"https:\/\/schema.org","@graph":[{"@type":"Article","@id":"https:\/\/identidadalvearense.com.ar\/?p=3301#article","isPartOf":{"@id":"https:\/\/identidadalvearense.com.ar\/?p=3301"},"author":{"name":"Federico Navarro","@id":"https:\/\/identidadalvearense.com.ar\/#\/schema\/person\/5894277f60529507e524116e53df9cac"},"headline":"Primer torneo de ajedrez infantil en escuelas primarias","datePublished":"2024-08-29T20:03:39+00:00","dateModified":"2024-08-29T20:03:39+00:00","mainEntityOfPage":{"@id":"https:\/\/identidadalvearense.com.ar\/?p=3301"},"wordCount":260,"publisher":{"@id":"https:\/\/identidadalvearense.com.ar\/#organization"},"image":{"@id":"https:\/\/identidadalvearense.com.ar\/?p=3301#primaryimage"},"thumbnailUrl":"https:\/\/identidadalvearense.com.ar\/wp-content\/uploads\/WhatsApp-Image-2024-08-29-at-11.35.00.jpeg","articleSection":["Actualidad"],"inLanguage":"es"},{"@type":"WebPage","@id":"https:\/\/identidadalvearense.com.ar\/?p=3301","url":"https:\/\/identidadalvearense.com.ar\/?p=3301","name":"Primer torneo de ajedrez infantil en escuelas primarias - Identidad Alvearense","isPartOf":{"@id":"https:\/\/identidadalvearense.com.ar\/#website"},"primaryImageOfPage":{"@id":"https:\/\/identidadalvearense.com.ar\/?p=3301#primaryimage"},"image":{"@id":"https:\/\/identidadalvearense.com.ar\/?p=3301#primaryimage"},"thumbnailUrl":"https:\/\/identidadalvearense.com.ar\/wp-content\/uploads\/WhatsApp-Image-2024-08-29-at-11.35.00.jpeg","datePublished":"2024-08-29T20:03:39+00:00","dateModified":"2024-08-29T20:03:39+00:00","breadcrumb":{"@id":"https:\/\/identidadalvearense.com.ar\/?p=3301#breadcrumb"},"inLanguage":"es","potentialAction":[{"@type":"ReadAction","target":["https:\/\/identidadalvearense.com.ar\/?p=3301"]}]},{"@type":"ImageObject","inLanguage":"es","@id":"https:\/\/identidadalvearense.com.ar\/?p=3301#primaryimage","url":"https:\/\/identidadalvearense.com.ar\/wp-content\/uploads\/WhatsApp-Image-2024-08-29-at-11.35.00.jpeg","contentUrl":"https:\/\/identidadalvearense.com.ar\/wp-content\/uploads\/WhatsApp-Image-2024-08-29-at-11.35.00.jpeg","width":1600,"height":898},{"@type":"BreadcrumbList","@id":"https:\/\/identidadalvearense.com.ar\/?p=3301#breadcrumb","itemListElement":[{"@type":"ListItem","position":1,"name":"Portada","item":"https:\/\/identidadalvearense.com.ar\/"},{"@type":"ListItem","position":2,"name":"Primer torneo de ajedrez infantil en escuelas primarias"}]},{"@type":"WebSite","@id":"https:\/\/identidadalvearense.com.ar\/#website","url":"https:\/\/identidadalvearense.com.ar\/","name":"Identidad Alvearense","description":"Miranos en Youtube, escuchanos en Cadena Cooperativa 98.1","publisher":{"@id":"https:\/\/identidadalvearense.com.ar\/#organization"},"potentialAction":[{"@type":"SearchAction","target":{"@type":"EntryPoint","urlTemplate":"https:\/\/identidadalvearense.com.ar\/?s={search_term_string}"},"query-input":"required name=search_term_string"}],"inLanguage":"es"},{"@type":"Organization","@id":"https:\/\/identidadalvearense.com.ar\/#organization","name":"Identidad Alvearense","url":"https:\/\/identidadalvearense.com.ar\/","logo":{"@type":"ImageObject","inLanguage":"es","@id":"https:\/\/identidadalvearense.com.ar\/#\/schema\/logo\/image\/","url":"https:\/\/identidadalvearense.com.ar\/wp-content\/uploads\/cropped-Identidad-Alvearense-Logochico.png","contentUrl":"https:\/\/identidadalvearense.com.ar\/wp-content\/uploads\/cropped-Identidad-Alvearense-Logochico.png","width":300,"height":469,"caption":"Identidad Alvearense"},"image":{"@id":"https:\/\/identidadalvearense.com.ar\/#\/schema\/logo\/image\/"}},{"@type":"Person","@id":"https:\/\/identidadalvearense.com.ar\/#\/schema\/person\/5894277f60529507e524116e53df9cac","name":"Federico Navarro","sameAs":["https:\/\/identidadalvearense.com.ar"],"url":"https:\/\/identidadalvearense.com.ar\/?author=2"}]}},"_links":{"self":[{"href":"https:\/\/identidadalvearense.com.ar\/index.php?rest_route=\/wp\/v2\/posts\/3301","targetHints":{"allow":["GET"]}}],"collection":[{"href":"https:\/\/identidadalvearense.com.ar\/index.php?rest_route=\/wp\/v2\/posts"}],"about":[{"href":"https:\/\/identidadalvearense.com.ar\/index.php?rest_route=\/wp\/v2\/types\/post"}],"author":[{"embeddable":true,"href":"https:\/\/identidadalvearense.com.ar\/index.php?rest_route=\/wp\/v2\/users\/2"}],"replies":[{"embeddable":true,"href":"https:\/\/identidadalvearense.com.ar\/index.php?rest_route=%2Fwp%2Fv2%2Fcomments&post=3301"}],"version-history":[{"count":1,"href":"https:\/\/identidadalvearense.com.ar\/index.php?rest_route=\/wp\/v2\/posts\/3301\/revisions"}],"predecessor-version":[{"id":3303,"href":"https:\/\/identidadalvearense.com.ar\/index.php?rest_route=\/wp\/v2\/posts\/3301\/revisions\/3303"}],"wp:featuredmedia":[{"embeddable":true,"href":"https:\/\/identidadalvearense.com.ar\/index.php?rest_route=\/wp\/v2\/media\/3302"}],"wp:attachment":[{"href":"https:\/\/identidadalvearense.com.ar\/index.php?rest_route=%2Fwp%2Fv2%2Fmedia&parent=3301"}],"wp:term":[{"taxonomy":"category","embeddable":true,"href":"https:\/\/identidadalvearense.com.ar\/index.php?rest_route=%2Fwp%2Fv2%2Fcategories&post=3301"},{"taxonomy":"post_tag","embeddable":true,"href":"https:\/\/identidadalvearense.com.ar\/index.php?rest_route=%2Fwp%2Fv2%2Ftags&post=3301"}],"curies":[{"name":"wp","href":"https:\/\/api.w.org\/{rel}","templated":true}]}}