{"id":3786,"date":"2025-05-11T17:00:48","date_gmt":"2025-05-11T20:00:48","guid":{"rendered":"https:\/\/identidadalvearense.com.ar\/?p=3786"},"modified":"2025-05-11T17:00:48","modified_gmt":"2025-05-11T20:00:48","slug":"luis-lima-el-puestero-mas-antiguo-de-esta-edicion","status":"publish","type":"post","link":"https:\/\/identidadalvearense.com.ar\/?p=3786","title":{"rendered":"Luis Lima, el Puestero m\u00e1s antiguo de esta edici\u00f3n"},"content":{"rendered":"<p>Uno de los momentos m\u00e1s emocionantes y que mejor grafican la esencia de la Fiesta Nacional de la Ganader\u00eda de Zonas \u00c1ridas es el reconocimiento al Puestero m\u00e1s antiguo, que luego de una ardua investigaci\u00f3n previa se anuncia en el Almuerzo Tradicional.<\/p>\n<figure class=\"wp-block-image size-large\"><img fetchpriority=\"high\" decoding=\"async\" class=\"wp-image-5078\" src=\"https:\/\/i0.wp.com\/fiestadelaganaderialvear.com.ar\/wp-content\/uploads\/2025\/05\/4970081321539972535.jpg?resize=800%2C533&amp;ssl=1\" sizes=\"(max-width: 800px) 100vw, 800px\" srcset=\"https:\/\/i0.wp.com\/fiestadelaganaderialvear.com.ar\/wp-content\/uploads\/2025\/05\/4970081321539972535.jpg?resize=1024%2C682&amp;ssl=1 1024w, https:\/\/i0.wp.com\/fiestadelaganaderialvear.com.ar\/wp-content\/uploads\/2025\/05\/4970081321539972535.jpg?resize=300%2C200&amp;ssl=1 300w, https:\/\/i0.wp.com\/fiestadelaganaderialvear.com.ar\/wp-content\/uploads\/2025\/05\/4970081321539972535.jpg?resize=768%2C512&amp;ssl=1 768w, https:\/\/i0.wp.com\/fiestadelaganaderialvear.com.ar\/wp-content\/uploads\/2025\/05\/4970081321539972535.jpg?resize=600%2C400&amp;ssl=1 600w, https:\/\/i0.wp.com\/fiestadelaganaderialvear.com.ar\/wp-content\/uploads\/2025\/05\/4970081321539972535.jpg?w=1280&amp;ssl=1 1280w\" alt=\"\" width=\"800\" height=\"533\" data-recalc-dims=\"1\" \/><\/figure>\n<p>En esta edici\u00f3n 44, el homenaje fue para Luis Lima, de 84 a\u00f1os y residente en Puesto Tres Lagunas, Ca\u00f1ada Colorada, Malarg\u00fce. Lima naci\u00f3 el 30 de octubre de 1940 en El Sosneado y tiene 5 hijos.<\/p>\n<p>\u201cEs una alegr\u00eda verlos a todos reunidos y con tanta alegr\u00eda. No tengo m\u00e1s para decir que gracias por el reconocimiento y por recibirme. Hasta otra vuelta que nos juntemos\u201d fueron las palabras del puestero distinguido.<\/p>\n<figure class=\"wp-block-image size-large\"><img decoding=\"async\" class=\"wp-image-5079\" src=\"https:\/\/i0.wp.com\/fiestadelaganaderialvear.com.ar\/wp-content\/uploads\/2025\/05\/4972381259347111391.jpg?resize=800%2C533&amp;ssl=1\" sizes=\"(max-width: 800px) 100vw, 800px\" srcset=\"https:\/\/i0.wp.com\/fiestadelaganaderialvear.com.ar\/wp-content\/uploads\/2025\/05\/4972381259347111391.jpg?resize=1024%2C682&amp;ssl=1 1024w, https:\/\/i0.wp.com\/fiestadelaganaderialvear.com.ar\/wp-content\/uploads\/2025\/05\/4972381259347111391.jpg?resize=300%2C200&amp;ssl=1 300w, https:\/\/i0.wp.com\/fiestadelaganaderialvear.com.ar\/wp-content\/uploads\/2025\/05\/4972381259347111391.jpg?resize=768%2C512&amp;ssl=1 768w, https:\/\/i0.wp.com\/fiestadelaganaderialvear.com.ar\/wp-content\/uploads\/2025\/05\/4972381259347111391.jpg?resize=600%2C400&amp;ssl=1 600w, https:\/\/i0.wp.com\/fiestadelaganaderialvear.com.ar\/wp-content\/uploads\/2025\/05\/4972381259347111391.jpg?w=1280&amp;ssl=1 1280w\" alt=\"\" width=\"800\" height=\"533\" data-recalc-dims=\"1\" \/><\/figure>\n","protected":false},"excerpt":{"rendered":"<p>Uno de los momentos m\u00e1s emocionantes y que mejor grafican la esencia de la Fiesta Nacional de la Ganader\u00eda de Zonas \u00c1ridas es el reconocimiento al Puestero m\u00e1s antiguo, que luego de una ardua investigaci\u00f3n previa se anuncia en el Almuerzo Tradicional. En esta edici\u00f3n 44, el homenaje fue para Luis Lima, de 84 a\u00f1os &hellip;<\/p>\n<p class=\"read-more\"> <a class=\"\" href=\"https:\/\/identidadalvearense.com.ar\/?p=3786\"> <span class=\"screen-reader-text\">Luis Lima, el Puestero m\u00e1s antiguo de esta edici\u00f3n<\/span> Leer m\u00e1s &raquo;<\/a><\/p>\n","protected":false},"author":2,"featured_media":3788,"comment_status":"closed","ping_status":"closed","sticky":false,"template":"","format":"standard","meta":{"site-sidebar-layout":"default","site-content-layout":"default","ast-main-header-display":"","ast-hfb-above-header-display":"","ast-hfb-below-header-display":"","ast-hfb-mobile-header-display":"","site-post-title":"","ast-breadcrumbs-content":"","ast-featured-img":"","footer-sml-layout":"","theme-transparent-header-meta":"default","adv-header-id-meta":"","stick-header-meta":"","header-above-stick-meta":"","header-main-stick-meta":"","header-below-stick-meta":"","footnotes":""},"categories":[21],"tags":[],"class_list":["post-3786","post","type-post","status-publish","format-standard","has-post-thumbnail","hentry","category-actualidad"],"yoast_head":"<!-- This site is optimized with the Yoast SEO plugin v23.3 - https:\/\/yoast.com\/wordpress\/plugins\/seo\/ -->\n<title>Luis Lima, el Puestero m\u00e1s antiguo de esta edici\u00f3n - Identidad Alvearense<\/title>\n<meta name=\"robots\" content=\"index, follow, max-snippet:-1, max-image-preview:large, max-video-preview:-1\" \/>\n<link rel=\"canonical\" href=\"https:\/\/identidadalvearense.com.ar\/?p=3786\" \/>\n<meta property=\"og:locale\" content=\"es_ES\" \/>\n<meta property=\"og:type\" content=\"article\" \/>\n<meta property=\"og:title\" content=\"Luis Lima, el Puestero m\u00e1s antiguo de esta edici\u00f3n - Identidad Alvearense\" \/>\n<meta property=\"og:description\" content=\"Uno de los momentos m\u00e1s emocionantes y que mejor grafican la esencia de la Fiesta Nacional de la Ganader\u00eda de Zonas \u00c1ridas es el reconocimiento al Puestero m\u00e1s antiguo, que luego de una ardua investigaci\u00f3n previa se anuncia en el Almuerzo Tradicional. En esta edici\u00f3n 44, el homenaje fue para Luis Lima, de 84 a\u00f1os &hellip; Luis Lima, el Puestero m\u00e1s antiguo de esta edici\u00f3n Leer m\u00e1s &raquo;\" \/>\n<meta property=\"og:url\" content=\"https:\/\/identidadalvearense.com.ar\/?p=3786\" \/>\n<meta property=\"og:site_name\" content=\"Identidad Alvearense\" \/>\n<meta property=\"article:published_time\" content=\"2025-05-11T20:00:48+00:00\" \/>\n<meta property=\"og:image\" content=\"https:\/\/identidadalvearense.com.ar\/wp-content\/uploads\/WhatsApp-Image-2025-05-10-at-17.22.47.jpeg\" \/>\n\t<meta property=\"og:image:width\" content=\"1280\" \/>\n\t<meta property=\"og:image:height\" content=\"853\" \/>\n\t<meta property=\"og:image:type\" content=\"image\/jpeg\" \/>\n<meta name=\"author\" content=\"Federico Navarro\" \/>\n<meta name=\"twitter:card\" content=\"summary_large_image\" \/>\n<meta name=\"twitter:label1\" content=\"Escrito por\" \/>\n\t<meta name=\"twitter:data1\" content=\"Federico Navarro\" \/>\n\t<meta name=\"twitter:label2\" content=\"Tiempo de lectura\" \/>\n\t<meta name=\"twitter:data2\" content=\"1 minuto\" \/>\n<script type=\"application\/ld+json\" class=\"yoast-schema-graph\">{\"@context\":\"https:\/\/schema.org\",\"@graph\":[{\"@type\":\"Article\",\"@id\":\"https:\/\/identidadalvearense.com.ar\/?p=3786#article\",\"isPartOf\":{\"@id\":\"https:\/\/identidadalvearense.com.ar\/?p=3786\"},\"author\":{\"name\":\"Federico Navarro\",\"@id\":\"https:\/\/identidadalvearense.com.ar\/#\/schema\/person\/5894277f60529507e524116e53df9cac\"},\"headline\":\"Luis Lima, el Puestero m\u00e1s antiguo de esta edici\u00f3n\",\"datePublished\":\"2025-05-11T20:00:48+00:00\",\"dateModified\":\"2025-05-11T20:00:48+00:00\",\"mainEntityOfPage\":{\"@id\":\"https:\/\/identidadalvearense.com.ar\/?p=3786\"},\"wordCount\":132,\"publisher\":{\"@id\":\"https:\/\/identidadalvearense.com.ar\/#organization\"},\"image\":{\"@id\":\"https:\/\/identidadalvearense.com.ar\/?p=3786#primaryimage\"},\"thumbnailUrl\":\"https:\/\/identidadalvearense.com.ar\/wp-content\/uploads\/WhatsApp-Image-2025-05-10-at-17.22.47.jpeg\",\"articleSection\":[\"Actualidad\"],\"inLanguage\":\"es\"},{\"@type\":\"WebPage\",\"@id\":\"https:\/\/identidadalvearense.com.ar\/?p=3786\",\"url\":\"https:\/\/identidadalvearense.com.ar\/?p=3786\",\"name\":\"Luis Lima, el Puestero m\u00e1s antiguo de esta edici\u00f3n - Identidad Alvearense\",\"isPartOf\":{\"@id\":\"https:\/\/identidadalvearense.com.ar\/#website\"},\"primaryImageOfPage\":{\"@id\":\"https:\/\/identidadalvearense.com.ar\/?p=3786#primaryimage\"},\"image\":{\"@id\":\"https:\/\/identidadalvearense.com.ar\/?p=3786#primaryimage\"},\"thumbnailUrl\":\"https:\/\/identidadalvearense.com.ar\/wp-content\/uploads\/WhatsApp-Image-2025-05-10-at-17.22.47.jpeg\",\"datePublished\":\"2025-05-11T20:00:48+00:00\",\"dateModified\":\"2025-05-11T20:00:48+00:00\",\"breadcrumb\":{\"@id\":\"https:\/\/identidadalvearense.com.ar\/?p=3786#breadcrumb\"},\"inLanguage\":\"es\",\"potentialAction\":[{\"@type\":\"ReadAction\",\"target\":[\"https:\/\/identidadalvearense.com.ar\/?p=3786\"]}]},{\"@type\":\"ImageObject\",\"inLanguage\":\"es\",\"@id\":\"https:\/\/identidadalvearense.com.ar\/?p=3786#primaryimage\",\"url\":\"https:\/\/identidadalvearense.com.ar\/wp-content\/uploads\/WhatsApp-Image-2025-05-10-at-17.22.47.jpeg\",\"contentUrl\":\"https:\/\/identidadalvearense.com.ar\/wp-content\/uploads\/WhatsApp-Image-2025-05-10-at-17.22.47.jpeg\",\"width\":1280,\"height\":853},{\"@type\":\"BreadcrumbList\",\"@id\":\"https:\/\/identidadalvearense.com.ar\/?p=3786#breadcrumb\",\"itemListElement\":[{\"@type\":\"ListItem\",\"position\":1,\"name\":\"Portada\",\"item\":\"https:\/\/identidadalvearense.com.ar\/\"},{\"@type\":\"ListItem\",\"position\":2,\"name\":\"Luis Lima, el Puestero m\u00e1s antiguo de esta edici\u00f3n\"}]},{\"@type\":\"WebSite\",\"@id\":\"https:\/\/identidadalvearense.com.ar\/#website\",\"url\":\"https:\/\/identidadalvearense.com.ar\/\",\"name\":\"Identidad Alvearense\",\"description\":\"Miranos en Youtube, escuchanos en Cadena Cooperativa 98.1\",\"publisher\":{\"@id\":\"https:\/\/identidadalvearense.com.ar\/#organization\"},\"potentialAction\":[{\"@type\":\"SearchAction\",\"target\":{\"@type\":\"EntryPoint\",\"urlTemplate\":\"https:\/\/identidadalvearense.com.ar\/?s={search_term_string}\"},\"query-input\":\"required name=search_term_string\"}],\"inLanguage\":\"es\"},{\"@type\":\"Organization\",\"@id\":\"https:\/\/identidadalvearense.com.ar\/#organization\",\"name\":\"Identidad Alvearense\",\"url\":\"https:\/\/identidadalvearense.com.ar\/\",\"logo\":{\"@type\":\"ImageObject\",\"inLanguage\":\"es\",\"@id\":\"https:\/\/identidadalvearense.com.ar\/#\/schema\/logo\/image\/\",\"url\":\"https:\/\/identidadalvearense.com.ar\/wp-content\/uploads\/cropped-Identidad-Alvearense-Logochico.png\",\"contentUrl\":\"https:\/\/identidadalvearense.com.ar\/wp-content\/uploads\/cropped-Identidad-Alvearense-Logochico.png\",\"width\":300,\"height\":469,\"caption\":\"Identidad Alvearense\"},\"image\":{\"@id\":\"https:\/\/identidadalvearense.com.ar\/#\/schema\/logo\/image\/\"}},{\"@type\":\"Person\",\"@id\":\"https:\/\/identidadalvearense.com.ar\/#\/schema\/person\/5894277f60529507e524116e53df9cac\",\"name\":\"Federico Navarro\",\"sameAs\":[\"https:\/\/identidadalvearense.com.ar\"],\"url\":\"https:\/\/identidadalvearense.com.ar\/?author=2\"}]}<\/script>\n<!-- \/ Yoast SEO plugin. -->","yoast_head_json":{"title":"Luis Lima, el Puestero m\u00e1s antiguo de esta edici\u00f3n - Identidad Alvearense","robots":{"index":"index","follow":"follow","max-snippet":"max-snippet:-1","max-image-preview":"max-image-preview:large","max-video-preview":"max-video-preview:-1"},"canonical":"https:\/\/identidadalvearense.com.ar\/?p=3786","og_locale":"es_ES","og_type":"article","og_title":"Luis Lima, el Puestero m\u00e1s antiguo de esta edici\u00f3n - Identidad Alvearense","og_description":"Uno de los momentos m\u00e1s emocionantes y que mejor grafican la esencia de la Fiesta Nacional de la Ganader\u00eda de Zonas \u00c1ridas es el reconocimiento al Puestero m\u00e1s antiguo, que luego de una ardua investigaci\u00f3n previa se anuncia en el Almuerzo Tradicional. En esta edici\u00f3n 44, el homenaje fue para Luis Lima, de 84 a\u00f1os &hellip; Luis Lima, el Puestero m\u00e1s antiguo de esta edici\u00f3n Leer m\u00e1s &raquo;","og_url":"https:\/\/identidadalvearense.com.ar\/?p=3786","og_site_name":"Identidad Alvearense","article_published_time":"2025-05-11T20:00:48+00:00","og_image":[{"width":1280,"height":853,"url":"https:\/\/identidadalvearense.com.ar\/wp-content\/uploads\/WhatsApp-Image-2025-05-10-at-17.22.47.jpeg","type":"image\/jpeg"}],"author":"Federico Navarro","twitter_card":"summary_large_image","twitter_misc":{"Escrito por":"Federico Navarro","Tiempo de lectura":"1 minuto"},"schema":{"@context":"https:\/\/schema.org","@graph":[{"@type":"Article","@id":"https:\/\/identidadalvearense.com.ar\/?p=3786#article","isPartOf":{"@id":"https:\/\/identidadalvearense.com.ar\/?p=3786"},"author":{"name":"Federico Navarro","@id":"https:\/\/identidadalvearense.com.ar\/#\/schema\/person\/5894277f60529507e524116e53df9cac"},"headline":"Luis Lima, el Puestero m\u00e1s antiguo de esta edici\u00f3n","datePublished":"2025-05-11T20:00:48+00:00","dateModified":"2025-05-11T20:00:48+00:00","mainEntityOfPage":{"@id":"https:\/\/identidadalvearense.com.ar\/?p=3786"},"wordCount":132,"publisher":{"@id":"https:\/\/identidadalvearense.com.ar\/#organization"},"image":{"@id":"https:\/\/identidadalvearense.com.ar\/?p=3786#primaryimage"},"thumbnailUrl":"https:\/\/identidadalvearense.com.ar\/wp-content\/uploads\/WhatsApp-Image-2025-05-10-at-17.22.47.jpeg","articleSection":["Actualidad"],"inLanguage":"es"},{"@type":"WebPage","@id":"https:\/\/identidadalvearense.com.ar\/?p=3786","url":"https:\/\/identidadalvearense.com.ar\/?p=3786","name":"Luis Lima, el Puestero m\u00e1s antiguo de esta edici\u00f3n - Identidad Alvearense","isPartOf":{"@id":"https:\/\/identidadalvearense.com.ar\/#website"},"primaryImageOfPage":{"@id":"https:\/\/identidadalvearense.com.ar\/?p=3786#primaryimage"},"image":{"@id":"https:\/\/identidadalvearense.com.ar\/?p=3786#primaryimage"},"thumbnailUrl":"https:\/\/identidadalvearense.com.ar\/wp-content\/uploads\/WhatsApp-Image-2025-05-10-at-17.22.47.jpeg","datePublished":"2025-05-11T20:00:48+00:00","dateModified":"2025-05-11T20:00:48+00:00","breadcrumb":{"@id":"https:\/\/identidadalvearense.com.ar\/?p=3786#breadcrumb"},"inLanguage":"es","potentialAction":[{"@type":"ReadAction","target":["https:\/\/identidadalvearense.com.ar\/?p=3786"]}]},{"@type":"ImageObject","inLanguage":"es","@id":"https:\/\/identidadalvearense.com.ar\/?p=3786#primaryimage","url":"https:\/\/identidadalvearense.com.ar\/wp-content\/uploads\/WhatsApp-Image-2025-05-10-at-17.22.47.jpeg","contentUrl":"https:\/\/identidadalvearense.com.ar\/wp-content\/uploads\/WhatsApp-Image-2025-05-10-at-17.22.47.jpeg","width":1280,"height":853},{"@type":"BreadcrumbList","@id":"https:\/\/identidadalvearense.com.ar\/?p=3786#breadcrumb","itemListElement":[{"@type":"ListItem","position":1,"name":"Portada","item":"https:\/\/identidadalvearense.com.ar\/"},{"@type":"ListItem","position":2,"name":"Luis Lima, el Puestero m\u00e1s antiguo de esta edici\u00f3n"}]},{"@type":"WebSite","@id":"https:\/\/identidadalvearense.com.ar\/#website","url":"https:\/\/identidadalvearense.com.ar\/","name":"Identidad Alvearense","description":"Miranos en Youtube, escuchanos en Cadena Cooperativa 98.1","publisher":{"@id":"https:\/\/identidadalvearense.com.ar\/#organization"},"potentialAction":[{"@type":"SearchAction","target":{"@type":"EntryPoint","urlTemplate":"https:\/\/identidadalvearense.com.ar\/?s={search_term_string}"},"query-input":"required name=search_term_string"}],"inLanguage":"es"},{"@type":"Organization","@id":"https:\/\/identidadalvearense.com.ar\/#organization","name":"Identidad Alvearense","url":"https:\/\/identidadalvearense.com.ar\/","logo":{"@type":"ImageObject","inLanguage":"es","@id":"https:\/\/identidadalvearense.com.ar\/#\/schema\/logo\/image\/","url":"https:\/\/identidadalvearense.com.ar\/wp-content\/uploads\/cropped-Identidad-Alvearense-Logochico.png","contentUrl":"https:\/\/identidadalvearense.com.ar\/wp-content\/uploads\/cropped-Identidad-Alvearense-Logochico.png","width":300,"height":469,"caption":"Identidad Alvearense"},"image":{"@id":"https:\/\/identidadalvearense.com.ar\/#\/schema\/logo\/image\/"}},{"@type":"Person","@id":"https:\/\/identidadalvearense.com.ar\/#\/schema\/person\/5894277f60529507e524116e53df9cac","name":"Federico Navarro","sameAs":["https:\/\/identidadalvearense.com.ar"],"url":"https:\/\/identidadalvearense.com.ar\/?author=2"}]}},"_links":{"self":[{"href":"https:\/\/identidadalvearense.com.ar\/index.php?rest_route=\/wp\/v2\/posts\/3786","targetHints":{"allow":["GET"]}}],"collection":[{"href":"https:\/\/identidadalvearense.com.ar\/index.php?rest_route=\/wp\/v2\/posts"}],"about":[{"href":"https:\/\/identidadalvearense.com.ar\/index.php?rest_route=\/wp\/v2\/types\/post"}],"author":[{"embeddable":true,"href":"https:\/\/identidadalvearense.com.ar\/index.php?rest_route=\/wp\/v2\/users\/2"}],"replies":[{"embeddable":true,"href":"https:\/\/identidadalvearense.com.ar\/index.php?rest_route=%2Fwp%2Fv2%2Fcomments&post=3786"}],"version-history":[{"count":1,"href":"https:\/\/identidadalvearense.com.ar\/index.php?rest_route=\/wp\/v2\/posts\/3786\/revisions"}],"predecessor-version":[{"id":3789,"href":"https:\/\/identidadalvearense.com.ar\/index.php?rest_route=\/wp\/v2\/posts\/3786\/revisions\/3789"}],"wp:featuredmedia":[{"embeddable":true,"href":"https:\/\/identidadalvearense.com.ar\/index.php?rest_route=\/wp\/v2\/media\/3788"}],"wp:attachment":[{"href":"https:\/\/identidadalvearense.com.ar\/index.php?rest_route=%2Fwp%2Fv2%2Fmedia&parent=3786"}],"wp:term":[{"taxonomy":"category","embeddable":true,"href":"https:\/\/identidadalvearense.com.ar\/index.php?rest_route=%2Fwp%2Fv2%2Fcategories&post=3786"},{"taxonomy":"post_tag","embeddable":true,"href":"https:\/\/identidadalvearense.com.ar\/index.php?rest_route=%2Fwp%2Fv2%2Ftags&post=3786"}],"curies":[{"name":"wp","href":"https:\/\/api.w.org\/{rel}","templated":true}]}}