{"id":3792,"date":"2025-05-12T16:01:47","date_gmt":"2025-05-12T19:01:47","guid":{"rendered":"https:\/\/identidadalvearense.com.ar\/?p=3792"},"modified":"2025-05-12T16:01:47","modified_gmt":"2025-05-12T19:01:47","slug":"la-fiesta-nacional-de-la-ganaderia-dejo-un-impacto-economico-superior-a-los-470-millones-de-pesos","status":"publish","type":"post","link":"https:\/\/identidadalvearense.com.ar\/?p=3792","title":{"rendered":"La Fiesta Nacional de la Ganader\u00eda dej\u00f3 un impacto econ\u00f3mico superior a los 470 millones de pesos"},"content":{"rendered":"<p>El director de Turismo de la Municipalidad de General Alvear, Gustavo Garc\u00eda, dio a conocer los resultados que arroj\u00f3 la reciente edici\u00f3n de la Fiesta Nacional de la Ganader\u00eda, uno de los eventos m\u00e1s convocantes del calendario anual en el sur mendocino. Seg\u00fan estimaciones oficiales, el movimiento tur\u00edstico generado durante la semana del evento dej\u00f3 un ingreso econ\u00f3mico que oscila entre los 470 y los 490 millones de pesos para el departamento.<\/p>\n<div class=\"ast-oembed-container\"><iframe title=\"Positivo balance tur\u00edstico\" width=\"500\" height=\"281\" src=\"https:\/\/www.youtube.com\/embed\/i_NSS-TnE2A?feature=oembed\" frameborder=\"0\" allow=\"accelerometer; autoplay; clipboard-write; encrypted-media; gyroscope; picture-in-picture; web-share\" referrerpolicy=\"strict-origin-when-cross-origin\" allowfullscreen><\/iframe><\/div>\n<p>\u201cLa verdad que fue un \u00e9xito, una fiesta muy importante para lo que representa General Alvear en el sector tur\u00edstico\u201d, expres\u00f3 Garc\u00eda. Adem\u00e1s, destac\u00f3 que desde el lunes previo al evento ya se registraba una fuerte afluencia de visitantes y expositores, lo cual implic\u00f3 una alta demanda de alojamiento y servicios.<\/p>\n<p>El funcionario explic\u00f3 que el impacto econ\u00f3mico no se limit\u00f3 a hoteles y restaurantes, sino que tambi\u00e9n se extendi\u00f3 a estaciones de servicio, tiendas de ropa, carnicer\u00edas y comercios en general. \u201cEs lo que consume un turista cuando visita un lugar, como lo hacemos nosotros cuando viajamos\u201d, se\u00f1al\u00f3.<\/p>\n<p>En cuanto al gasto promedio por visitante, Garc\u00eda detall\u00f3 que se estim\u00f3 en alrededor de 85 mil pesos, monto que incluye alojamiento, desayuno, merienda, dos comidas principales y algunos gastos adicionales. Si bien se trata de un promedio, aclar\u00f3 que muchos visitantes superan ampliamente esa cifra, y que el c\u00e1lculo se basa en valores utilizados a nivel provincial desde la temporada de verano.<\/p>\n<p><strong>Proyectos estrat\u00e9gicos y presencia nacional<\/strong><\/p>\n<p>Durante el fin de semana tambi\u00e9n se concret\u00f3 la visita del secretario de Turismo, Ambiente y Deporte de la Naci\u00f3n, Daniel Scioli, quien particip\u00f3 de la fiesta y mantuvo reuniones con funcionarios locales. Garc\u00eda valor\u00f3 la visita como \u201cmuy importante, no solo por el respaldo simb\u00f3lico a la Fiesta Nacional de la Ganader\u00eda, sino tambi\u00e9n porque posiciona al departamento en el plano nacional\u201d.<\/p>\n<p>En ese contexto, la Municipalidad present\u00f3 tres proyectos de infraestructura tur\u00edstica que fueron elevados a Scioli. Entre ellos, se destaca el desarrollo de p\u00f3rticos de ingreso en puntos estrat\u00e9gicos del departamento. \u201cEs un anhelo de todos los alvearenses desde hace 27 a\u00f1os\u201d, sostuvo Garc\u00eda. La inversi\u00f3n estimada para estas obras asciende a 530 millones de pesos y contempla accesos por la Ruta Nacional 188 (altura de La Puma), por Carmensa y por la Ruta Nacional 143 Norte, cerca de la bodega Jorge Rubio.<\/p>\n<p>\u201cEsto no solo brindar\u00eda una mejor bienvenida al turista, sino tambi\u00e9n permitir\u00eda un mayor control de ingresos al departamento y a la provincia\u201d, explic\u00f3 el funcionario.<\/p>\n<p><strong>Alvear sigue en movimiento: se viene el Nacional de Handball<\/strong><\/p>\n<p>Finalmente, Garc\u00eda adelant\u00f3 que la actividad tur\u00edstica continuar\u00e1 sin pausa en General Alvear. El pr\u00f3ximo 25 de mayo comenzar\u00e1 el Torneo Nacional de Handball, con la participaci\u00f3n confirmada de 39 equipos y la llegada estimada de mil personas al departamento. \u201cEsto vuelve a posicionar a Alvear como un destino competitivo y con capacidad de organizaci\u00f3n a gran escala\u201d, concluy\u00f3.<\/p>\n","protected":false},"excerpt":{"rendered":"<p>El director de Turismo de la Municipalidad de General Alvear, Gustavo Garc\u00eda, dio a conocer los resultados que arroj\u00f3 la reciente edici\u00f3n de la Fiesta Nacional de la Ganader\u00eda, uno de los eventos m\u00e1s convocantes del calendario anual en el sur mendocino. Seg\u00fan estimaciones oficiales, el movimiento tur\u00edstico generado durante la semana del evento dej\u00f3 &hellip;<\/p>\n<p class=\"read-more\"> <a class=\"\" href=\"https:\/\/identidadalvearense.com.ar\/?p=3792\"> <span class=\"screen-reader-text\">La Fiesta Nacional de la Ganader\u00eda dej\u00f3 un impacto econ\u00f3mico superior a los 470 millones de pesos<\/span> Leer m\u00e1s &raquo;<\/a><\/p>\n","protected":false},"author":2,"featured_media":3793,"comment_status":"closed","ping_status":"closed","sticky":false,"template":"","format":"standard","meta":{"site-sidebar-layout":"default","site-content-layout":"default","ast-main-header-display":"","ast-hfb-above-header-display":"","ast-hfb-below-header-display":"","ast-hfb-mobile-header-display":"","site-post-title":"","ast-breadcrumbs-content":"","ast-featured-img":"","footer-sml-layout":"","theme-transparent-header-meta":"default","adv-header-id-meta":"","stick-header-meta":"","header-above-stick-meta":"","header-main-stick-meta":"","header-below-stick-meta":"","footnotes":""},"categories":[21],"tags":[],"class_list":["post-3792","post","type-post","status-publish","format-standard","has-post-thumbnail","hentry","category-actualidad"],"yoast_head":"<!-- This site is optimized with the Yoast SEO plugin v23.3 - https:\/\/yoast.com\/wordpress\/plugins\/seo\/ -->\n<title>La Fiesta Nacional de la Ganader\u00eda dej\u00f3 un impacto econ\u00f3mico superior a los 470 millones de pesos - Identidad Alvearense<\/title>\n<meta name=\"robots\" content=\"index, follow, max-snippet:-1, max-image-preview:large, max-video-preview:-1\" \/>\n<link rel=\"canonical\" href=\"https:\/\/identidadalvearense.com.ar\/?p=3792\" \/>\n<meta property=\"og:locale\" content=\"es_ES\" \/>\n<meta property=\"og:type\" content=\"article\" \/>\n<meta property=\"og:title\" content=\"La Fiesta Nacional de la Ganader\u00eda dej\u00f3 un impacto econ\u00f3mico superior a los 470 millones de pesos - Identidad Alvearense\" \/>\n<meta property=\"og:description\" content=\"El director de Turismo de la Municipalidad de General Alvear, Gustavo Garc\u00eda, dio a conocer los resultados que arroj\u00f3 la reciente edici\u00f3n de la Fiesta Nacional de la Ganader\u00eda, uno de los eventos m\u00e1s convocantes del calendario anual en el sur mendocino. Seg\u00fan estimaciones oficiales, el movimiento tur\u00edstico generado durante la semana del evento dej\u00f3 &hellip; La Fiesta Nacional de la Ganader\u00eda dej\u00f3 un impacto econ\u00f3mico superior a los 470 millones de pesos Leer m\u00e1s &raquo;\" \/>\n<meta property=\"og:url\" content=\"https:\/\/identidadalvearense.com.ar\/?p=3792\" \/>\n<meta property=\"og:site_name\" content=\"Identidad Alvearense\" \/>\n<meta property=\"article:published_time\" content=\"2025-05-12T19:01:47+00:00\" \/>\n<meta property=\"og:image\" content=\"https:\/\/identidadalvearense.com.ar\/wp-content\/uploads\/WhatsApp-Image-2025-05-12-at-12.27.23.jpeg\" \/>\n\t<meta property=\"og:image:width\" content=\"1600\" \/>\n\t<meta property=\"og:image:height\" content=\"1066\" \/>\n\t<meta property=\"og:image:type\" content=\"image\/jpeg\" \/>\n<meta name=\"author\" content=\"Federico Navarro\" \/>\n<meta name=\"twitter:card\" content=\"summary_large_image\" \/>\n<meta name=\"twitter:label1\" content=\"Escrito por\" \/>\n\t<meta name=\"twitter:data1\" content=\"Federico Navarro\" \/>\n\t<meta name=\"twitter:label2\" content=\"Tiempo de lectura\" \/>\n\t<meta name=\"twitter:data2\" content=\"3 minutos\" \/>\n<script type=\"application\/ld+json\" class=\"yoast-schema-graph\">{\"@context\":\"https:\/\/schema.org\",\"@graph\":[{\"@type\":\"Article\",\"@id\":\"https:\/\/identidadalvearense.com.ar\/?p=3792#article\",\"isPartOf\":{\"@id\":\"https:\/\/identidadalvearense.com.ar\/?p=3792\"},\"author\":{\"name\":\"Federico Navarro\",\"@id\":\"https:\/\/identidadalvearense.com.ar\/#\/schema\/person\/5894277f60529507e524116e53df9cac\"},\"headline\":\"La Fiesta Nacional de la Ganader\u00eda dej\u00f3 un impacto econ\u00f3mico superior a los 470 millones de pesos\",\"datePublished\":\"2025-05-12T19:01:47+00:00\",\"dateModified\":\"2025-05-12T19:01:47+00:00\",\"mainEntityOfPage\":{\"@id\":\"https:\/\/identidadalvearense.com.ar\/?p=3792\"},\"wordCount\":534,\"publisher\":{\"@id\":\"https:\/\/identidadalvearense.com.ar\/#organization\"},\"image\":{\"@id\":\"https:\/\/identidadalvearense.com.ar\/?p=3792#primaryimage\"},\"thumbnailUrl\":\"https:\/\/identidadalvearense.com.ar\/wp-content\/uploads\/WhatsApp-Image-2025-05-12-at-12.27.23.jpeg\",\"articleSection\":[\"Actualidad\"],\"inLanguage\":\"es\"},{\"@type\":\"WebPage\",\"@id\":\"https:\/\/identidadalvearense.com.ar\/?p=3792\",\"url\":\"https:\/\/identidadalvearense.com.ar\/?p=3792\",\"name\":\"La Fiesta Nacional de la Ganader\u00eda dej\u00f3 un impacto econ\u00f3mico superior a los 470 millones de pesos - Identidad Alvearense\",\"isPartOf\":{\"@id\":\"https:\/\/identidadalvearense.com.ar\/#website\"},\"primaryImageOfPage\":{\"@id\":\"https:\/\/identidadalvearense.com.ar\/?p=3792#primaryimage\"},\"image\":{\"@id\":\"https:\/\/identidadalvearense.com.ar\/?p=3792#primaryimage\"},\"thumbnailUrl\":\"https:\/\/identidadalvearense.com.ar\/wp-content\/uploads\/WhatsApp-Image-2025-05-12-at-12.27.23.jpeg\",\"datePublished\":\"2025-05-12T19:01:47+00:00\",\"dateModified\":\"2025-05-12T19:01:47+00:00\",\"breadcrumb\":{\"@id\":\"https:\/\/identidadalvearense.com.ar\/?p=3792#breadcrumb\"},\"inLanguage\":\"es\",\"potentialAction\":[{\"@type\":\"ReadAction\",\"target\":[\"https:\/\/identidadalvearense.com.ar\/?p=3792\"]}]},{\"@type\":\"ImageObject\",\"inLanguage\":\"es\",\"@id\":\"https:\/\/identidadalvearense.com.ar\/?p=3792#primaryimage\",\"url\":\"https:\/\/identidadalvearense.com.ar\/wp-content\/uploads\/WhatsApp-Image-2025-05-12-at-12.27.23.jpeg\",\"contentUrl\":\"https:\/\/identidadalvearense.com.ar\/wp-content\/uploads\/WhatsApp-Image-2025-05-12-at-12.27.23.jpeg\",\"width\":1600,\"height\":1066},{\"@type\":\"BreadcrumbList\",\"@id\":\"https:\/\/identidadalvearense.com.ar\/?p=3792#breadcrumb\",\"itemListElement\":[{\"@type\":\"ListItem\",\"position\":1,\"name\":\"Portada\",\"item\":\"https:\/\/identidadalvearense.com.ar\/\"},{\"@type\":\"ListItem\",\"position\":2,\"name\":\"La Fiesta Nacional de la Ganader\u00eda dej\u00f3 un impacto econ\u00f3mico superior a los 470 millones de pesos\"}]},{\"@type\":\"WebSite\",\"@id\":\"https:\/\/identidadalvearense.com.ar\/#website\",\"url\":\"https:\/\/identidadalvearense.com.ar\/\",\"name\":\"Identidad Alvearense\",\"description\":\"Miranos en Youtube, escuchanos en Cadena Cooperativa 98.1\",\"publisher\":{\"@id\":\"https:\/\/identidadalvearense.com.ar\/#organization\"},\"potentialAction\":[{\"@type\":\"SearchAction\",\"target\":{\"@type\":\"EntryPoint\",\"urlTemplate\":\"https:\/\/identidadalvearense.com.ar\/?s={search_term_string}\"},\"query-input\":\"required name=search_term_string\"}],\"inLanguage\":\"es\"},{\"@type\":\"Organization\",\"@id\":\"https:\/\/identidadalvearense.com.ar\/#organization\",\"name\":\"Identidad Alvearense\",\"url\":\"https:\/\/identidadalvearense.com.ar\/\",\"logo\":{\"@type\":\"ImageObject\",\"inLanguage\":\"es\",\"@id\":\"https:\/\/identidadalvearense.com.ar\/#\/schema\/logo\/image\/\",\"url\":\"https:\/\/identidadalvearense.com.ar\/wp-content\/uploads\/cropped-Identidad-Alvearense-Logochico.png\",\"contentUrl\":\"https:\/\/identidadalvearense.com.ar\/wp-content\/uploads\/cropped-Identidad-Alvearense-Logochico.png\",\"width\":300,\"height\":469,\"caption\":\"Identidad Alvearense\"},\"image\":{\"@id\":\"https:\/\/identidadalvearense.com.ar\/#\/schema\/logo\/image\/\"}},{\"@type\":\"Person\",\"@id\":\"https:\/\/identidadalvearense.com.ar\/#\/schema\/person\/5894277f60529507e524116e53df9cac\",\"name\":\"Federico Navarro\",\"sameAs\":[\"https:\/\/identidadalvearense.com.ar\"],\"url\":\"https:\/\/identidadalvearense.com.ar\/?author=2\"}]}<\/script>\n<!-- \/ Yoast SEO plugin. -->","yoast_head_json":{"title":"La Fiesta Nacional de la Ganader\u00eda dej\u00f3 un impacto econ\u00f3mico superior a los 470 millones de pesos - Identidad Alvearense","robots":{"index":"index","follow":"follow","max-snippet":"max-snippet:-1","max-image-preview":"max-image-preview:large","max-video-preview":"max-video-preview:-1"},"canonical":"https:\/\/identidadalvearense.com.ar\/?p=3792","og_locale":"es_ES","og_type":"article","og_title":"La Fiesta Nacional de la Ganader\u00eda dej\u00f3 un impacto econ\u00f3mico superior a los 470 millones de pesos - Identidad Alvearense","og_description":"El director de Turismo de la Municipalidad de General Alvear, Gustavo Garc\u00eda, dio a conocer los resultados que arroj\u00f3 la reciente edici\u00f3n de la Fiesta Nacional de la Ganader\u00eda, uno de los eventos m\u00e1s convocantes del calendario anual en el sur mendocino. Seg\u00fan estimaciones oficiales, el movimiento tur\u00edstico generado durante la semana del evento dej\u00f3 &hellip; La Fiesta Nacional de la Ganader\u00eda dej\u00f3 un impacto econ\u00f3mico superior a los 470 millones de pesos Leer m\u00e1s &raquo;","og_url":"https:\/\/identidadalvearense.com.ar\/?p=3792","og_site_name":"Identidad Alvearense","article_published_time":"2025-05-12T19:01:47+00:00","og_image":[{"width":1600,"height":1066,"url":"https:\/\/identidadalvearense.com.ar\/wp-content\/uploads\/WhatsApp-Image-2025-05-12-at-12.27.23.jpeg","type":"image\/jpeg"}],"author":"Federico Navarro","twitter_card":"summary_large_image","twitter_misc":{"Escrito por":"Federico Navarro","Tiempo de lectura":"3 minutos"},"schema":{"@context":"https:\/\/schema.org","@graph":[{"@type":"Article","@id":"https:\/\/identidadalvearense.com.ar\/?p=3792#article","isPartOf":{"@id":"https:\/\/identidadalvearense.com.ar\/?p=3792"},"author":{"name":"Federico Navarro","@id":"https:\/\/identidadalvearense.com.ar\/#\/schema\/person\/5894277f60529507e524116e53df9cac"},"headline":"La Fiesta Nacional de la Ganader\u00eda dej\u00f3 un impacto econ\u00f3mico superior a los 470 millones de pesos","datePublished":"2025-05-12T19:01:47+00:00","dateModified":"2025-05-12T19:01:47+00:00","mainEntityOfPage":{"@id":"https:\/\/identidadalvearense.com.ar\/?p=3792"},"wordCount":534,"publisher":{"@id":"https:\/\/identidadalvearense.com.ar\/#organization"},"image":{"@id":"https:\/\/identidadalvearense.com.ar\/?p=3792#primaryimage"},"thumbnailUrl":"https:\/\/identidadalvearense.com.ar\/wp-content\/uploads\/WhatsApp-Image-2025-05-12-at-12.27.23.jpeg","articleSection":["Actualidad"],"inLanguage":"es"},{"@type":"WebPage","@id":"https:\/\/identidadalvearense.com.ar\/?p=3792","url":"https:\/\/identidadalvearense.com.ar\/?p=3792","name":"La Fiesta Nacional de la Ganader\u00eda dej\u00f3 un impacto econ\u00f3mico superior a los 470 millones de pesos - Identidad Alvearense","isPartOf":{"@id":"https:\/\/identidadalvearense.com.ar\/#website"},"primaryImageOfPage":{"@id":"https:\/\/identidadalvearense.com.ar\/?p=3792#primaryimage"},"image":{"@id":"https:\/\/identidadalvearense.com.ar\/?p=3792#primaryimage"},"thumbnailUrl":"https:\/\/identidadalvearense.com.ar\/wp-content\/uploads\/WhatsApp-Image-2025-05-12-at-12.27.23.jpeg","datePublished":"2025-05-12T19:01:47+00:00","dateModified":"2025-05-12T19:01:47+00:00","breadcrumb":{"@id":"https:\/\/identidadalvearense.com.ar\/?p=3792#breadcrumb"},"inLanguage":"es","potentialAction":[{"@type":"ReadAction","target":["https:\/\/identidadalvearense.com.ar\/?p=3792"]}]},{"@type":"ImageObject","inLanguage":"es","@id":"https:\/\/identidadalvearense.com.ar\/?p=3792#primaryimage","url":"https:\/\/identidadalvearense.com.ar\/wp-content\/uploads\/WhatsApp-Image-2025-05-12-at-12.27.23.jpeg","contentUrl":"https:\/\/identidadalvearense.com.ar\/wp-content\/uploads\/WhatsApp-Image-2025-05-12-at-12.27.23.jpeg","width":1600,"height":1066},{"@type":"BreadcrumbList","@id":"https:\/\/identidadalvearense.com.ar\/?p=3792#breadcrumb","itemListElement":[{"@type":"ListItem","position":1,"name":"Portada","item":"https:\/\/identidadalvearense.com.ar\/"},{"@type":"ListItem","position":2,"name":"La Fiesta Nacional de la Ganader\u00eda dej\u00f3 un impacto econ\u00f3mico superior a los 470 millones de pesos"}]},{"@type":"WebSite","@id":"https:\/\/identidadalvearense.com.ar\/#website","url":"https:\/\/identidadalvearense.com.ar\/","name":"Identidad Alvearense","description":"Miranos en Youtube, escuchanos en Cadena Cooperativa 98.1","publisher":{"@id":"https:\/\/identidadalvearense.com.ar\/#organization"},"potentialAction":[{"@type":"SearchAction","target":{"@type":"EntryPoint","urlTemplate":"https:\/\/identidadalvearense.com.ar\/?s={search_term_string}"},"query-input":"required name=search_term_string"}],"inLanguage":"es"},{"@type":"Organization","@id":"https:\/\/identidadalvearense.com.ar\/#organization","name":"Identidad Alvearense","url":"https:\/\/identidadalvearense.com.ar\/","logo":{"@type":"ImageObject","inLanguage":"es","@id":"https:\/\/identidadalvearense.com.ar\/#\/schema\/logo\/image\/","url":"https:\/\/identidadalvearense.com.ar\/wp-content\/uploads\/cropped-Identidad-Alvearense-Logochico.png","contentUrl":"https:\/\/identidadalvearense.com.ar\/wp-content\/uploads\/cropped-Identidad-Alvearense-Logochico.png","width":300,"height":469,"caption":"Identidad Alvearense"},"image":{"@id":"https:\/\/identidadalvearense.com.ar\/#\/schema\/logo\/image\/"}},{"@type":"Person","@id":"https:\/\/identidadalvearense.com.ar\/#\/schema\/person\/5894277f60529507e524116e53df9cac","name":"Federico Navarro","sameAs":["https:\/\/identidadalvearense.com.ar"],"url":"https:\/\/identidadalvearense.com.ar\/?author=2"}]}},"_links":{"self":[{"href":"https:\/\/identidadalvearense.com.ar\/index.php?rest_route=\/wp\/v2\/posts\/3792","targetHints":{"allow":["GET"]}}],"collection":[{"href":"https:\/\/identidadalvearense.com.ar\/index.php?rest_route=\/wp\/v2\/posts"}],"about":[{"href":"https:\/\/identidadalvearense.com.ar\/index.php?rest_route=\/wp\/v2\/types\/post"}],"author":[{"embeddable":true,"href":"https:\/\/identidadalvearense.com.ar\/index.php?rest_route=\/wp\/v2\/users\/2"}],"replies":[{"embeddable":true,"href":"https:\/\/identidadalvearense.com.ar\/index.php?rest_route=%2Fwp%2Fv2%2Fcomments&post=3792"}],"version-history":[{"count":1,"href":"https:\/\/identidadalvearense.com.ar\/index.php?rest_route=\/wp\/v2\/posts\/3792\/revisions"}],"predecessor-version":[{"id":3794,"href":"https:\/\/identidadalvearense.com.ar\/index.php?rest_route=\/wp\/v2\/posts\/3792\/revisions\/3794"}],"wp:featuredmedia":[{"embeddable":true,"href":"https:\/\/identidadalvearense.com.ar\/index.php?rest_route=\/wp\/v2\/media\/3793"}],"wp:attachment":[{"href":"https:\/\/identidadalvearense.com.ar\/index.php?rest_route=%2Fwp%2Fv2%2Fmedia&parent=3792"}],"wp:term":[{"taxonomy":"category","embeddable":true,"href":"https:\/\/identidadalvearense.com.ar\/index.php?rest_route=%2Fwp%2Fv2%2Fcategories&post=3792"},{"taxonomy":"post_tag","embeddable":true,"href":"https:\/\/identidadalvearense.com.ar\/index.php?rest_route=%2Fwp%2Fv2%2Ftags&post=3792"}],"curies":[{"name":"wp","href":"https:\/\/api.w.org\/{rel}","templated":true}]}}