{"id":3799,"date":"2025-05-17T10:14:09","date_gmt":"2025-05-17T13:14:09","guid":{"rendered":"https:\/\/identidadalvearense.com.ar\/?p=3799"},"modified":"2025-05-17T10:14:09","modified_gmt":"2025-05-17T13:14:09","slug":"general-alvear-se-prepara-para-la-gran-fiesta-de-la-cerveza-del-sur-mendocino","status":"publish","type":"post","link":"https:\/\/identidadalvearense.com.ar\/?p=3799","title":{"rendered":"General Alvear se prepara para la gran Fiesta de la Cerveza del Sur Mendocino"},"content":{"rendered":"<p>Con el objetivo de continuar fortaleciendo el desarrollo cultural, tur\u00edstico y econ\u00f3mico del departamento, el Municipio de General Alvear anunci\u00f3 oficialmente la realizaci\u00f3n de la Fiesta de la Cerveza del Sur Mendocino, un evento sin precedentes que tendr\u00e1 lugar el pr\u00f3ximo 27 de septiembre, en el Predio Ferial.<\/p>\n<p>La presentaci\u00f3n estuvo encabezada por el Secretario de Gobierno, Fabio G\u00f3mez Parra, y el Coordinador de Gabinete, Juan Tieppo, quienes compartieron los principales detalles de esta ambiciosa propuesta cultural que busca consolidarse como una fecha fija en el calendario provincial.<\/p>\n<p>\u201cSiguiendo los lineamientos de trabajo del intendente Alejandro Molero, seguimos apostando a eventos con fuerte impacto social y cultural, pero tambi\u00e9n econ\u00f3mico. Actividades como esta benefician a todo el entramado comercial local: hoteler\u00eda, gastronom\u00eda, estaciones de servicio y peque\u00f1os negocios\u201d, remarc\u00f3 G\u00f3mez Parra.<\/p>\n<p>Uno de los puntos m\u00e1s destacados del anuncio fue la imponente grilla art\u00edstica, que contar\u00e1 con ocho bandas de renombre nacional, entre ellas: Los Caligaris, Natalie P\u00e9rez, Tipitos, Guasones, Estelares, Manu Mart\u00ednez y El Plan de la Mariposa. Tambi\u00e9n se sumar\u00e1n agrupaciones del sur mendocino seleccionadas mediante una convocatoria regional.<\/p>\n<p>El evento se desarrollar\u00e1 bajo un formato similar al de los grandes festivales del pa\u00eds, con tres escenarios en simult\u00e1neo, circulaci\u00f3n libre por el predio y espacios destinados a cervezas industriales y artesanales, food trucks, expresiones culturales y propuestas interactivas para todo p\u00fablico.<\/p>\n<p>Juan Tieppo, confirm\u00f3 que el evento es una coproducci\u00f3n junto a la reconocida productora 300, con la que ya trabajaron exitosamente en el recital de Divididos en 2024.<\/p>\n<p>Las entradas ya est\u00e1n a la venta a trav\u00e9s de Ticketek en:\u00a0<a href=\"http:\/\/www.ticketek.com.ar\/fiesta-de-la-cerveza\/predio-ferial-general-alvear\" target=\"_blank\" rel=\"noopener\" data-saferedirecturl=\"https:\/\/www.google.com\/url?q=http:\/\/www.ticketek.com.ar\/fiesta-de-la-cerveza\/predio-ferial-general-alvear&amp;source=gmail&amp;ust=1747571900746000&amp;usg=AOvVaw22TpwpcbIK0UGzvcNTYhxt\">www.ticketek.com.ar\/fiesta-de-<wbr \/>la-cerveza\/predio-ferial-<wbr \/>general-alvear<\/a>\u00a0, con un precio promocional de $35.000. Desde el mi\u00e9rcoles siguiente, tambi\u00e9n podr\u00e1n adquirirse en el Teatro Antonio Lafalla y en el informador tur\u00edstico.<\/p>\n<p>La Fiesta se desarrollar\u00e1 en una \u00fanica jornada, desde las 14:00 horas, y se espera una convocatoria masiva, tanto de mendocinos como de visitantes de otras provincias. Frente a esta proyecci\u00f3n, el municipio ya trabaja en articulaci\u00f3n con el sector tur\u00edstico para garantizar la disponibilidad de plazas de alojamiento y servicios gastron\u00f3micos.<\/p>\n<p>La Fiesta de la Cerveza del Sur Mendocino representa una nueva apuesta por posicionar a General Alvear como destino cultural y tur\u00edstico a nivel nacional. \u201cQueremos instalarlo como una fecha que ya quede permanente, y que Argentina mire a General Alvear como un posible destino tur\u00edstico para ese fin de semana\u201d, concluy\u00f3 Tieppo.<\/p>\n","protected":false},"excerpt":{"rendered":"<p>Con el objetivo de continuar fortaleciendo el desarrollo cultural, tur\u00edstico y econ\u00f3mico del departamento, el Municipio de General Alvear anunci\u00f3 oficialmente la realizaci\u00f3n de la Fiesta de la Cerveza del Sur Mendocino, un evento sin precedentes que tendr\u00e1 lugar el pr\u00f3ximo 27 de septiembre, en el Predio Ferial. La presentaci\u00f3n estuvo encabezada por el Secretario &hellip;<\/p>\n<p class=\"read-more\"> <a class=\"\" href=\"https:\/\/identidadalvearense.com.ar\/?p=3799\"> <span class=\"screen-reader-text\">General Alvear se prepara para la gran Fiesta de la Cerveza del Sur Mendocino<\/span> Leer m\u00e1s &raquo;<\/a><\/p>\n","protected":false},"author":2,"featured_media":3800,"comment_status":"closed","ping_status":"closed","sticky":false,"template":"","format":"standard","meta":{"site-sidebar-layout":"default","site-content-layout":"default","ast-main-header-display":"","ast-hfb-above-header-display":"","ast-hfb-below-header-display":"","ast-hfb-mobile-header-display":"","site-post-title":"","ast-breadcrumbs-content":"","ast-featured-img":"","footer-sml-layout":"","theme-transparent-header-meta":"default","adv-header-id-meta":"","stick-header-meta":"","header-above-stick-meta":"","header-main-stick-meta":"","header-below-stick-meta":"","footnotes":""},"categories":[21],"tags":[],"class_list":["post-3799","post","type-post","status-publish","format-standard","has-post-thumbnail","hentry","category-actualidad"],"yoast_head":"<!-- This site is optimized with the Yoast SEO plugin v23.3 - https:\/\/yoast.com\/wordpress\/plugins\/seo\/ -->\n<title>General Alvear se prepara para la gran Fiesta de la Cerveza del Sur Mendocino - Identidad Alvearense<\/title>\n<meta name=\"robots\" content=\"index, follow, max-snippet:-1, max-image-preview:large, max-video-preview:-1\" \/>\n<link rel=\"canonical\" href=\"https:\/\/identidadalvearense.com.ar\/?p=3799\" \/>\n<meta property=\"og:locale\" content=\"es_ES\" \/>\n<meta property=\"og:type\" content=\"article\" \/>\n<meta property=\"og:title\" content=\"General Alvear se prepara para la gran Fiesta de la Cerveza del Sur Mendocino - Identidad Alvearense\" \/>\n<meta property=\"og:description\" content=\"Con el objetivo de continuar fortaleciendo el desarrollo cultural, tur\u00edstico y econ\u00f3mico del departamento, el Municipio de General Alvear anunci\u00f3 oficialmente la realizaci\u00f3n de la Fiesta de la Cerveza del Sur Mendocino, un evento sin precedentes que tendr\u00e1 lugar el pr\u00f3ximo 27 de septiembre, en el Predio Ferial. La presentaci\u00f3n estuvo encabezada por el Secretario &hellip; General Alvear se prepara para la gran Fiesta de la Cerveza del Sur Mendocino Leer m\u00e1s &raquo;\" \/>\n<meta property=\"og:url\" content=\"https:\/\/identidadalvearense.com.ar\/?p=3799\" \/>\n<meta property=\"og:site_name\" content=\"Identidad Alvearense\" \/>\n<meta property=\"article:published_time\" content=\"2025-05-17T13:14:09+00:00\" \/>\n<meta property=\"og:image\" content=\"https:\/\/identidadalvearense.com.ar\/wp-content\/uploads\/FiestaCerveza-1.jpeg\" \/>\n\t<meta property=\"og:image:width\" content=\"1024\" \/>\n\t<meta property=\"og:image:height\" content=\"1280\" \/>\n\t<meta property=\"og:image:type\" content=\"image\/jpeg\" \/>\n<meta name=\"author\" content=\"Federico Navarro\" \/>\n<meta name=\"twitter:card\" content=\"summary_large_image\" \/>\n<meta name=\"twitter:label1\" content=\"Escrito por\" \/>\n\t<meta name=\"twitter:data1\" content=\"Federico Navarro\" \/>\n\t<meta name=\"twitter:label2\" content=\"Tiempo de lectura\" \/>\n\t<meta name=\"twitter:data2\" content=\"3 minutos\" \/>\n<script type=\"application\/ld+json\" class=\"yoast-schema-graph\">{\"@context\":\"https:\/\/schema.org\",\"@graph\":[{\"@type\":\"Article\",\"@id\":\"https:\/\/identidadalvearense.com.ar\/?p=3799#article\",\"isPartOf\":{\"@id\":\"https:\/\/identidadalvearense.com.ar\/?p=3799\"},\"author\":{\"name\":\"Federico Navarro\",\"@id\":\"https:\/\/identidadalvearense.com.ar\/#\/schema\/person\/5894277f60529507e524116e53df9cac\"},\"headline\":\"General Alvear se prepara para la gran Fiesta de la Cerveza del Sur Mendocino\",\"datePublished\":\"2025-05-17T13:14:09+00:00\",\"dateModified\":\"2025-05-17T13:14:09+00:00\",\"mainEntityOfPage\":{\"@id\":\"https:\/\/identidadalvearense.com.ar\/?p=3799\"},\"wordCount\":442,\"publisher\":{\"@id\":\"https:\/\/identidadalvearense.com.ar\/#organization\"},\"image\":{\"@id\":\"https:\/\/identidadalvearense.com.ar\/?p=3799#primaryimage\"},\"thumbnailUrl\":\"https:\/\/identidadalvearense.com.ar\/wp-content\/uploads\/FiestaCerveza-1.jpeg\",\"articleSection\":[\"Actualidad\"],\"inLanguage\":\"es\"},{\"@type\":\"WebPage\",\"@id\":\"https:\/\/identidadalvearense.com.ar\/?p=3799\",\"url\":\"https:\/\/identidadalvearense.com.ar\/?p=3799\",\"name\":\"General Alvear se prepara para la gran Fiesta de la Cerveza del Sur Mendocino - Identidad Alvearense\",\"isPartOf\":{\"@id\":\"https:\/\/identidadalvearense.com.ar\/#website\"},\"primaryImageOfPage\":{\"@id\":\"https:\/\/identidadalvearense.com.ar\/?p=3799#primaryimage\"},\"image\":{\"@id\":\"https:\/\/identidadalvearense.com.ar\/?p=3799#primaryimage\"},\"thumbnailUrl\":\"https:\/\/identidadalvearense.com.ar\/wp-content\/uploads\/FiestaCerveza-1.jpeg\",\"datePublished\":\"2025-05-17T13:14:09+00:00\",\"dateModified\":\"2025-05-17T13:14:09+00:00\",\"breadcrumb\":{\"@id\":\"https:\/\/identidadalvearense.com.ar\/?p=3799#breadcrumb\"},\"inLanguage\":\"es\",\"potentialAction\":[{\"@type\":\"ReadAction\",\"target\":[\"https:\/\/identidadalvearense.com.ar\/?p=3799\"]}]},{\"@type\":\"ImageObject\",\"inLanguage\":\"es\",\"@id\":\"https:\/\/identidadalvearense.com.ar\/?p=3799#primaryimage\",\"url\":\"https:\/\/identidadalvearense.com.ar\/wp-content\/uploads\/FiestaCerveza-1.jpeg\",\"contentUrl\":\"https:\/\/identidadalvearense.com.ar\/wp-content\/uploads\/FiestaCerveza-1.jpeg\",\"width\":1024,\"height\":1280},{\"@type\":\"BreadcrumbList\",\"@id\":\"https:\/\/identidadalvearense.com.ar\/?p=3799#breadcrumb\",\"itemListElement\":[{\"@type\":\"ListItem\",\"position\":1,\"name\":\"Portada\",\"item\":\"https:\/\/identidadalvearense.com.ar\/\"},{\"@type\":\"ListItem\",\"position\":2,\"name\":\"General Alvear se prepara para la gran Fiesta de la Cerveza del Sur Mendocino\"}]},{\"@type\":\"WebSite\",\"@id\":\"https:\/\/identidadalvearense.com.ar\/#website\",\"url\":\"https:\/\/identidadalvearense.com.ar\/\",\"name\":\"Identidad Alvearense\",\"description\":\"Miranos en Youtube, escuchanos en Cadena Cooperativa 98.1\",\"publisher\":{\"@id\":\"https:\/\/identidadalvearense.com.ar\/#organization\"},\"potentialAction\":[{\"@type\":\"SearchAction\",\"target\":{\"@type\":\"EntryPoint\",\"urlTemplate\":\"https:\/\/identidadalvearense.com.ar\/?s={search_term_string}\"},\"query-input\":\"required name=search_term_string\"}],\"inLanguage\":\"es\"},{\"@type\":\"Organization\",\"@id\":\"https:\/\/identidadalvearense.com.ar\/#organization\",\"name\":\"Identidad Alvearense\",\"url\":\"https:\/\/identidadalvearense.com.ar\/\",\"logo\":{\"@type\":\"ImageObject\",\"inLanguage\":\"es\",\"@id\":\"https:\/\/identidadalvearense.com.ar\/#\/schema\/logo\/image\/\",\"url\":\"https:\/\/identidadalvearense.com.ar\/wp-content\/uploads\/cropped-Identidad-Alvearense-Logochico.png\",\"contentUrl\":\"https:\/\/identidadalvearense.com.ar\/wp-content\/uploads\/cropped-Identidad-Alvearense-Logochico.png\",\"width\":300,\"height\":469,\"caption\":\"Identidad Alvearense\"},\"image\":{\"@id\":\"https:\/\/identidadalvearense.com.ar\/#\/schema\/logo\/image\/\"}},{\"@type\":\"Person\",\"@id\":\"https:\/\/identidadalvearense.com.ar\/#\/schema\/person\/5894277f60529507e524116e53df9cac\",\"name\":\"Federico Navarro\",\"sameAs\":[\"https:\/\/identidadalvearense.com.ar\"],\"url\":\"https:\/\/identidadalvearense.com.ar\/?author=2\"}]}<\/script>\n<!-- \/ Yoast SEO plugin. -->","yoast_head_json":{"title":"General Alvear se prepara para la gran Fiesta de la Cerveza del Sur Mendocino - Identidad Alvearense","robots":{"index":"index","follow":"follow","max-snippet":"max-snippet:-1","max-image-preview":"max-image-preview:large","max-video-preview":"max-video-preview:-1"},"canonical":"https:\/\/identidadalvearense.com.ar\/?p=3799","og_locale":"es_ES","og_type":"article","og_title":"General Alvear se prepara para la gran Fiesta de la Cerveza del Sur Mendocino - Identidad Alvearense","og_description":"Con el objetivo de continuar fortaleciendo el desarrollo cultural, tur\u00edstico y econ\u00f3mico del departamento, el Municipio de General Alvear anunci\u00f3 oficialmente la realizaci\u00f3n de la Fiesta de la Cerveza del Sur Mendocino, un evento sin precedentes que tendr\u00e1 lugar el pr\u00f3ximo 27 de septiembre, en el Predio Ferial. La presentaci\u00f3n estuvo encabezada por el Secretario &hellip; General Alvear se prepara para la gran Fiesta de la Cerveza del Sur Mendocino Leer m\u00e1s &raquo;","og_url":"https:\/\/identidadalvearense.com.ar\/?p=3799","og_site_name":"Identidad Alvearense","article_published_time":"2025-05-17T13:14:09+00:00","og_image":[{"width":1024,"height":1280,"url":"https:\/\/identidadalvearense.com.ar\/wp-content\/uploads\/FiestaCerveza-1.jpeg","type":"image\/jpeg"}],"author":"Federico Navarro","twitter_card":"summary_large_image","twitter_misc":{"Escrito por":"Federico Navarro","Tiempo de lectura":"3 minutos"},"schema":{"@context":"https:\/\/schema.org","@graph":[{"@type":"Article","@id":"https:\/\/identidadalvearense.com.ar\/?p=3799#article","isPartOf":{"@id":"https:\/\/identidadalvearense.com.ar\/?p=3799"},"author":{"name":"Federico Navarro","@id":"https:\/\/identidadalvearense.com.ar\/#\/schema\/person\/5894277f60529507e524116e53df9cac"},"headline":"General Alvear se prepara para la gran Fiesta de la Cerveza del Sur Mendocino","datePublished":"2025-05-17T13:14:09+00:00","dateModified":"2025-05-17T13:14:09+00:00","mainEntityOfPage":{"@id":"https:\/\/identidadalvearense.com.ar\/?p=3799"},"wordCount":442,"publisher":{"@id":"https:\/\/identidadalvearense.com.ar\/#organization"},"image":{"@id":"https:\/\/identidadalvearense.com.ar\/?p=3799#primaryimage"},"thumbnailUrl":"https:\/\/identidadalvearense.com.ar\/wp-content\/uploads\/FiestaCerveza-1.jpeg","articleSection":["Actualidad"],"inLanguage":"es"},{"@type":"WebPage","@id":"https:\/\/identidadalvearense.com.ar\/?p=3799","url":"https:\/\/identidadalvearense.com.ar\/?p=3799","name":"General Alvear se prepara para la gran Fiesta de la Cerveza del Sur Mendocino - Identidad Alvearense","isPartOf":{"@id":"https:\/\/identidadalvearense.com.ar\/#website"},"primaryImageOfPage":{"@id":"https:\/\/identidadalvearense.com.ar\/?p=3799#primaryimage"},"image":{"@id":"https:\/\/identidadalvearense.com.ar\/?p=3799#primaryimage"},"thumbnailUrl":"https:\/\/identidadalvearense.com.ar\/wp-content\/uploads\/FiestaCerveza-1.jpeg","datePublished":"2025-05-17T13:14:09+00:00","dateModified":"2025-05-17T13:14:09+00:00","breadcrumb":{"@id":"https:\/\/identidadalvearense.com.ar\/?p=3799#breadcrumb"},"inLanguage":"es","potentialAction":[{"@type":"ReadAction","target":["https:\/\/identidadalvearense.com.ar\/?p=3799"]}]},{"@type":"ImageObject","inLanguage":"es","@id":"https:\/\/identidadalvearense.com.ar\/?p=3799#primaryimage","url":"https:\/\/identidadalvearense.com.ar\/wp-content\/uploads\/FiestaCerveza-1.jpeg","contentUrl":"https:\/\/identidadalvearense.com.ar\/wp-content\/uploads\/FiestaCerveza-1.jpeg","width":1024,"height":1280},{"@type":"BreadcrumbList","@id":"https:\/\/identidadalvearense.com.ar\/?p=3799#breadcrumb","itemListElement":[{"@type":"ListItem","position":1,"name":"Portada","item":"https:\/\/identidadalvearense.com.ar\/"},{"@type":"ListItem","position":2,"name":"General Alvear se prepara para la gran Fiesta de la Cerveza del Sur Mendocino"}]},{"@type":"WebSite","@id":"https:\/\/identidadalvearense.com.ar\/#website","url":"https:\/\/identidadalvearense.com.ar\/","name":"Identidad Alvearense","description":"Miranos en Youtube, escuchanos en Cadena Cooperativa 98.1","publisher":{"@id":"https:\/\/identidadalvearense.com.ar\/#organization"},"potentialAction":[{"@type":"SearchAction","target":{"@type":"EntryPoint","urlTemplate":"https:\/\/identidadalvearense.com.ar\/?s={search_term_string}"},"query-input":"required name=search_term_string"}],"inLanguage":"es"},{"@type":"Organization","@id":"https:\/\/identidadalvearense.com.ar\/#organization","name":"Identidad Alvearense","url":"https:\/\/identidadalvearense.com.ar\/","logo":{"@type":"ImageObject","inLanguage":"es","@id":"https:\/\/identidadalvearense.com.ar\/#\/schema\/logo\/image\/","url":"https:\/\/identidadalvearense.com.ar\/wp-content\/uploads\/cropped-Identidad-Alvearense-Logochico.png","contentUrl":"https:\/\/identidadalvearense.com.ar\/wp-content\/uploads\/cropped-Identidad-Alvearense-Logochico.png","width":300,"height":469,"caption":"Identidad Alvearense"},"image":{"@id":"https:\/\/identidadalvearense.com.ar\/#\/schema\/logo\/image\/"}},{"@type":"Person","@id":"https:\/\/identidadalvearense.com.ar\/#\/schema\/person\/5894277f60529507e524116e53df9cac","name":"Federico Navarro","sameAs":["https:\/\/identidadalvearense.com.ar"],"url":"https:\/\/identidadalvearense.com.ar\/?author=2"}]}},"_links":{"self":[{"href":"https:\/\/identidadalvearense.com.ar\/index.php?rest_route=\/wp\/v2\/posts\/3799","targetHints":{"allow":["GET"]}}],"collection":[{"href":"https:\/\/identidadalvearense.com.ar\/index.php?rest_route=\/wp\/v2\/posts"}],"about":[{"href":"https:\/\/identidadalvearense.com.ar\/index.php?rest_route=\/wp\/v2\/types\/post"}],"author":[{"embeddable":true,"href":"https:\/\/identidadalvearense.com.ar\/index.php?rest_route=\/wp\/v2\/users\/2"}],"replies":[{"embeddable":true,"href":"https:\/\/identidadalvearense.com.ar\/index.php?rest_route=%2Fwp%2Fv2%2Fcomments&post=3799"}],"version-history":[{"count":1,"href":"https:\/\/identidadalvearense.com.ar\/index.php?rest_route=\/wp\/v2\/posts\/3799\/revisions"}],"predecessor-version":[{"id":3801,"href":"https:\/\/identidadalvearense.com.ar\/index.php?rest_route=\/wp\/v2\/posts\/3799\/revisions\/3801"}],"wp:featuredmedia":[{"embeddable":true,"href":"https:\/\/identidadalvearense.com.ar\/index.php?rest_route=\/wp\/v2\/media\/3800"}],"wp:attachment":[{"href":"https:\/\/identidadalvearense.com.ar\/index.php?rest_route=%2Fwp%2Fv2%2Fmedia&parent=3799"}],"wp:term":[{"taxonomy":"category","embeddable":true,"href":"https:\/\/identidadalvearense.com.ar\/index.php?rest_route=%2Fwp%2Fv2%2Fcategories&post=3799"},{"taxonomy":"post_tag","embeddable":true,"href":"https:\/\/identidadalvearense.com.ar\/index.php?rest_route=%2Fwp%2Fv2%2Ftags&post=3799"}],"curies":[{"name":"wp","href":"https:\/\/api.w.org\/{rel}","templated":true}]}}