{"id":3802,"date":"2025-05-21T18:38:35","date_gmt":"2025-05-21T21:38:35","guid":{"rendered":"https:\/\/identidadalvearense.com.ar\/?p=3802"},"modified":"2025-05-21T18:52:41","modified_gmt":"2025-05-21T21:52:41","slug":"video-bowen-se-prepara-para-celebrar-el-25-de-mayo-con-una-jornada-llena-de-actividades","status":"publish","type":"post","link":"https:\/\/identidadalvearense.com.ar\/?p=3802","title":{"rendered":"Video &#8211; Bowen se prepara para celebrar el 25 de mayo con una jornada llena de actividades"},"content":{"rendered":"<p>El distrito ser\u00e1 sede de los actos oficiales por el D\u00eda de la Patria. El delegado Luis Gergeluk detall\u00f3 los trabajos que se est\u00e1n realizando para recibir a vecinos y visitantes.<\/p>\n<div class=\"ast-oembed-container\"><iframe title=\"Bowen se prepara para el 25 de Mayo\" width=\"500\" height=\"281\" src=\"https:\/\/www.youtube.com\/embed\/ZQ7OiXePMqE?feature=oembed\" frameborder=\"0\" allow=\"accelerometer; autoplay; clipboard-write; encrypted-media; gyroscope; picture-in-picture; web-share\" referrerpolicy=\"strict-origin-when-cross-origin\" allowfullscreen><\/iframe><\/div>\n<p>El distrito de Bowen se encuentra ultimando detalles para recibir este domingo 25 de mayo los actos oficiales por el D\u00eda de la Patria. As\u00ed lo confirm\u00f3 el delegado distrital, Luis Gergeluk, quien destac\u00f3 el trabajo conjunto con el intendente Alejandro Molero y su equipo para que la celebraci\u00f3n transcurra con normalidad y en un marco festivo.<br \/>\n\u201cEstamos trabajando junto al intendente para que los festejos salgan de la mejor manera. Queremos que sea una jornada familiar, en un clima agradable, y estamos muy agradecidos por todo el apoyo que se ha puesto a disposici\u00f3n\u201d, explic\u00f3 Gergeluk, quien tambi\u00e9n subray\u00f3 que esta fecha patria es una oportunidad para continuar mejorando el distrito.<br \/>\nComo parte de los preparativos, se est\u00e1n realizando obras de embellecimiento y mantenimiento en espacios p\u00fablicos. \u201cEstamos renovando los juegos del parque infantil en la plaza distrital y colocando equipamiento nuevo. Tambi\u00e9n hemos trabajado en la mejora de la rotonda del Inmigrante, un punto emblem\u00e1tico para los bowenses y para quienes nos visitan\u201d, indic\u00f3 el delegado.<br \/>\nAdem\u00e1s, se est\u00e1n llevando a cabo tareas de mantenimiento en calles, con la incorporaci\u00f3n de material estabilizado en v\u00edas que pr\u00f3ximamente ser\u00e1n asfaltadas. Tambi\u00e9n se han hecho mejoras en luminarias y espacios verdes, en respuesta a las inquietudes de los vecinos.<br \/>\nCronograma de actividades<br \/>\nLa jornada comenzar\u00e1 a las 10:30 con un desayuno patrio en la plaza distrital, donde se ofrecer\u00e1 chocolate caliente y tortas fritas para el p\u00fablico. A las 11:30 se celebrar\u00e1 el tradicional Tedeum en la iglesia San Cayetano, y a las 12 del mediod\u00eda se realizar\u00e1 el acto oficial en la plaza San Mart\u00edn.<br \/>\nPor la tarde, desde las 15:00, comenzar\u00e1n las actividades culturales, encabezadas por un gran peric\u00f3n nacional. Participar\u00e1n los talleres municipales de danza, el grupo de adultos mayores, instituciones del distrito como los Amigos del Festival de la Ciruela, y numerosos vecinos que se han sumado con entusiasmo a los ensayos.<br \/>\n\u201cEl peric\u00f3n ha generado mucha convocatoria. Hac\u00eda tiempo que no se realizaba algo as\u00ed, y ver el compromiso de la comunidad es realmente emocionante\u201d, concluy\u00f3 Gergeluk.<br \/>\nLa invitaci\u00f3n est\u00e1 abierta a todos los vecinos del departamento y a quienes deseen acercarse a compartir una jornada de celebraci\u00f3n patria en Bowen, un distrito que apuesta por el crecimiento y la participaci\u00f3n ciudadana. Tambi\u00e9n recordamos, que en Ciudad se celebra la Velada Patri\u00f3tica el viernes 24 de mayo a las 21 horas en el Teatro Antonio Lafalla, con una puesta esc\u00e9nica que rinde homenaje a la Revoluci\u00f3n de Mayo, la entrada ser\u00e1 libre y gratuita.<\/p>\n","protected":false},"excerpt":{"rendered":"<p>El distrito ser\u00e1 sede de los actos oficiales por el D\u00eda de la Patria. El delegado Luis Gergeluk detall\u00f3 los trabajos que se est\u00e1n realizando para recibir a vecinos y visitantes. El distrito de Bowen se encuentra ultimando detalles para recibir este domingo 25 de mayo los actos oficiales por el D\u00eda de la Patria. &hellip;<\/p>\n<p class=\"read-more\"> <a class=\"\" href=\"https:\/\/identidadalvearense.com.ar\/?p=3802\"> <span class=\"screen-reader-text\">Video &#8211; Bowen se prepara para celebrar el 25 de mayo con una jornada llena de actividades<\/span> Leer m\u00e1s &raquo;<\/a><\/p>\n","protected":false},"author":2,"featured_media":3807,"comment_status":"closed","ping_status":"closed","sticky":false,"template":"","format":"standard","meta":{"site-sidebar-layout":"default","site-content-layout":"default","ast-main-header-display":"","ast-hfb-above-header-display":"","ast-hfb-below-header-display":"","ast-hfb-mobile-header-display":"","site-post-title":"","ast-breadcrumbs-content":"","ast-featured-img":"","footer-sml-layout":"","theme-transparent-header-meta":"default","adv-header-id-meta":"","stick-header-meta":"","header-above-stick-meta":"","header-main-stick-meta":"","header-below-stick-meta":"","footnotes":""},"categories":[1],"tags":[],"class_list":["post-3802","post","type-post","status-publish","format-standard","has-post-thumbnail","hentry","category-noticias"],"yoast_head":"<!-- This site is optimized with the Yoast SEO plugin v23.3 - https:\/\/yoast.com\/wordpress\/plugins\/seo\/ -->\n<title>Video - Bowen se prepara para celebrar el 25 de mayo con una jornada llena de actividades - Identidad Alvearense<\/title>\n<meta name=\"robots\" content=\"index, follow, max-snippet:-1, max-image-preview:large, max-video-preview:-1\" \/>\n<link rel=\"canonical\" href=\"https:\/\/identidadalvearense.com.ar\/?p=3802\" \/>\n<meta property=\"og:locale\" content=\"es_ES\" \/>\n<meta property=\"og:type\" content=\"article\" \/>\n<meta property=\"og:title\" content=\"Video - Bowen se prepara para celebrar el 25 de mayo con una jornada llena de actividades - Identidad Alvearense\" \/>\n<meta property=\"og:description\" content=\"El distrito ser\u00e1 sede de los actos oficiales por el D\u00eda de la Patria. El delegado Luis Gergeluk detall\u00f3 los trabajos que se est\u00e1n realizando para recibir a vecinos y visitantes. El distrito de Bowen se encuentra ultimando detalles para recibir este domingo 25 de mayo los actos oficiales por el D\u00eda de la Patria. &hellip; Video &#8211; Bowen se prepara para celebrar el 25 de mayo con una jornada llena de actividades Leer m\u00e1s &raquo;\" \/>\n<meta property=\"og:url\" content=\"https:\/\/identidadalvearense.com.ar\/?p=3802\" \/>\n<meta property=\"og:site_name\" content=\"Identidad Alvearense\" \/>\n<meta property=\"article:published_time\" content=\"2025-05-21T21:38:35+00:00\" \/>\n<meta property=\"article:modified_time\" content=\"2025-05-21T21:52:41+00:00\" \/>\n<meta property=\"og:image\" content=\"https:\/\/identidadalvearense.com.ar\/wp-content\/uploads\/WhatsApp-Image-2025-05-21-at-11.15.59-1.jpeg\" \/>\n\t<meta property=\"og:image:width\" content=\"800\" \/>\n\t<meta property=\"og:image:height\" content=\"400\" \/>\n\t<meta property=\"og:image:type\" content=\"image\/jpeg\" \/>\n<meta name=\"author\" content=\"Federico Navarro\" \/>\n<meta name=\"twitter:card\" content=\"summary_large_image\" \/>\n<meta name=\"twitter:label1\" content=\"Escrito por\" \/>\n\t<meta name=\"twitter:data1\" content=\"Federico Navarro\" \/>\n\t<meta name=\"twitter:label2\" content=\"Tiempo de lectura\" \/>\n\t<meta name=\"twitter:data2\" content=\"3 minutos\" \/>\n<script type=\"application\/ld+json\" class=\"yoast-schema-graph\">{\"@context\":\"https:\/\/schema.org\",\"@graph\":[{\"@type\":\"Article\",\"@id\":\"https:\/\/identidadalvearense.com.ar\/?p=3802#article\",\"isPartOf\":{\"@id\":\"https:\/\/identidadalvearense.com.ar\/?p=3802\"},\"author\":{\"name\":\"Federico Navarro\",\"@id\":\"https:\/\/identidadalvearense.com.ar\/#\/schema\/person\/5894277f60529507e524116e53df9cac\"},\"headline\":\"Video &#8211; Bowen se prepara para celebrar el 25 de mayo con una jornada llena de actividades\",\"datePublished\":\"2025-05-21T21:38:35+00:00\",\"dateModified\":\"2025-05-21T21:52:41+00:00\",\"mainEntityOfPage\":{\"@id\":\"https:\/\/identidadalvearense.com.ar\/?p=3802\"},\"wordCount\":498,\"publisher\":{\"@id\":\"https:\/\/identidadalvearense.com.ar\/#organization\"},\"image\":{\"@id\":\"https:\/\/identidadalvearense.com.ar\/?p=3802#primaryimage\"},\"thumbnailUrl\":\"https:\/\/identidadalvearense.com.ar\/wp-content\/uploads\/WhatsApp-Image-2025-05-21-at-11.15.59-1.jpeg\",\"articleSection\":[\"Noticias\"],\"inLanguage\":\"es\"},{\"@type\":\"WebPage\",\"@id\":\"https:\/\/identidadalvearense.com.ar\/?p=3802\",\"url\":\"https:\/\/identidadalvearense.com.ar\/?p=3802\",\"name\":\"Video - Bowen se prepara para celebrar el 25 de mayo con una jornada llena de actividades - Identidad Alvearense\",\"isPartOf\":{\"@id\":\"https:\/\/identidadalvearense.com.ar\/#website\"},\"primaryImageOfPage\":{\"@id\":\"https:\/\/identidadalvearense.com.ar\/?p=3802#primaryimage\"},\"image\":{\"@id\":\"https:\/\/identidadalvearense.com.ar\/?p=3802#primaryimage\"},\"thumbnailUrl\":\"https:\/\/identidadalvearense.com.ar\/wp-content\/uploads\/WhatsApp-Image-2025-05-21-at-11.15.59-1.jpeg\",\"datePublished\":\"2025-05-21T21:38:35+00:00\",\"dateModified\":\"2025-05-21T21:52:41+00:00\",\"breadcrumb\":{\"@id\":\"https:\/\/identidadalvearense.com.ar\/?p=3802#breadcrumb\"},\"inLanguage\":\"es\",\"potentialAction\":[{\"@type\":\"ReadAction\",\"target\":[\"https:\/\/identidadalvearense.com.ar\/?p=3802\"]}]},{\"@type\":\"ImageObject\",\"inLanguage\":\"es\",\"@id\":\"https:\/\/identidadalvearense.com.ar\/?p=3802#primaryimage\",\"url\":\"https:\/\/identidadalvearense.com.ar\/wp-content\/uploads\/WhatsApp-Image-2025-05-21-at-11.15.59-1.jpeg\",\"contentUrl\":\"https:\/\/identidadalvearense.com.ar\/wp-content\/uploads\/WhatsApp-Image-2025-05-21-at-11.15.59-1.jpeg\",\"width\":800,\"height\":400},{\"@type\":\"BreadcrumbList\",\"@id\":\"https:\/\/identidadalvearense.com.ar\/?p=3802#breadcrumb\",\"itemListElement\":[{\"@type\":\"ListItem\",\"position\":1,\"name\":\"Portada\",\"item\":\"https:\/\/identidadalvearense.com.ar\/\"},{\"@type\":\"ListItem\",\"position\":2,\"name\":\"Video &#8211; Bowen se prepara para celebrar el 25 de mayo con una jornada llena de actividades\"}]},{\"@type\":\"WebSite\",\"@id\":\"https:\/\/identidadalvearense.com.ar\/#website\",\"url\":\"https:\/\/identidadalvearense.com.ar\/\",\"name\":\"Identidad Alvearense\",\"description\":\"Miranos en Youtube, escuchanos en Cadena Cooperativa 98.1\",\"publisher\":{\"@id\":\"https:\/\/identidadalvearense.com.ar\/#organization\"},\"potentialAction\":[{\"@type\":\"SearchAction\",\"target\":{\"@type\":\"EntryPoint\",\"urlTemplate\":\"https:\/\/identidadalvearense.com.ar\/?s={search_term_string}\"},\"query-input\":\"required name=search_term_string\"}],\"inLanguage\":\"es\"},{\"@type\":\"Organization\",\"@id\":\"https:\/\/identidadalvearense.com.ar\/#organization\",\"name\":\"Identidad Alvearense\",\"url\":\"https:\/\/identidadalvearense.com.ar\/\",\"logo\":{\"@type\":\"ImageObject\",\"inLanguage\":\"es\",\"@id\":\"https:\/\/identidadalvearense.com.ar\/#\/schema\/logo\/image\/\",\"url\":\"https:\/\/identidadalvearense.com.ar\/wp-content\/uploads\/cropped-Identidad-Alvearense-Logochico.png\",\"contentUrl\":\"https:\/\/identidadalvearense.com.ar\/wp-content\/uploads\/cropped-Identidad-Alvearense-Logochico.png\",\"width\":300,\"height\":469,\"caption\":\"Identidad Alvearense\"},\"image\":{\"@id\":\"https:\/\/identidadalvearense.com.ar\/#\/schema\/logo\/image\/\"}},{\"@type\":\"Person\",\"@id\":\"https:\/\/identidadalvearense.com.ar\/#\/schema\/person\/5894277f60529507e524116e53df9cac\",\"name\":\"Federico Navarro\",\"sameAs\":[\"https:\/\/identidadalvearense.com.ar\"],\"url\":\"https:\/\/identidadalvearense.com.ar\/?author=2\"}]}<\/script>\n<!-- \/ Yoast SEO plugin. -->","yoast_head_json":{"title":"Video - Bowen se prepara para celebrar el 25 de mayo con una jornada llena de actividades - Identidad Alvearense","robots":{"index":"index","follow":"follow","max-snippet":"max-snippet:-1","max-image-preview":"max-image-preview:large","max-video-preview":"max-video-preview:-1"},"canonical":"https:\/\/identidadalvearense.com.ar\/?p=3802","og_locale":"es_ES","og_type":"article","og_title":"Video - Bowen se prepara para celebrar el 25 de mayo con una jornada llena de actividades - Identidad Alvearense","og_description":"El distrito ser\u00e1 sede de los actos oficiales por el D\u00eda de la Patria. El delegado Luis Gergeluk detall\u00f3 los trabajos que se est\u00e1n realizando para recibir a vecinos y visitantes. El distrito de Bowen se encuentra ultimando detalles para recibir este domingo 25 de mayo los actos oficiales por el D\u00eda de la Patria. &hellip; Video &#8211; Bowen se prepara para celebrar el 25 de mayo con una jornada llena de actividades Leer m\u00e1s &raquo;","og_url":"https:\/\/identidadalvearense.com.ar\/?p=3802","og_site_name":"Identidad Alvearense","article_published_time":"2025-05-21T21:38:35+00:00","article_modified_time":"2025-05-21T21:52:41+00:00","og_image":[{"width":800,"height":400,"url":"https:\/\/identidadalvearense.com.ar\/wp-content\/uploads\/WhatsApp-Image-2025-05-21-at-11.15.59-1.jpeg","type":"image\/jpeg"}],"author":"Federico Navarro","twitter_card":"summary_large_image","twitter_misc":{"Escrito por":"Federico Navarro","Tiempo de lectura":"3 minutos"},"schema":{"@context":"https:\/\/schema.org","@graph":[{"@type":"Article","@id":"https:\/\/identidadalvearense.com.ar\/?p=3802#article","isPartOf":{"@id":"https:\/\/identidadalvearense.com.ar\/?p=3802"},"author":{"name":"Federico Navarro","@id":"https:\/\/identidadalvearense.com.ar\/#\/schema\/person\/5894277f60529507e524116e53df9cac"},"headline":"Video &#8211; Bowen se prepara para celebrar el 25 de mayo con una jornada llena de actividades","datePublished":"2025-05-21T21:38:35+00:00","dateModified":"2025-05-21T21:52:41+00:00","mainEntityOfPage":{"@id":"https:\/\/identidadalvearense.com.ar\/?p=3802"},"wordCount":498,"publisher":{"@id":"https:\/\/identidadalvearense.com.ar\/#organization"},"image":{"@id":"https:\/\/identidadalvearense.com.ar\/?p=3802#primaryimage"},"thumbnailUrl":"https:\/\/identidadalvearense.com.ar\/wp-content\/uploads\/WhatsApp-Image-2025-05-21-at-11.15.59-1.jpeg","articleSection":["Noticias"],"inLanguage":"es"},{"@type":"WebPage","@id":"https:\/\/identidadalvearense.com.ar\/?p=3802","url":"https:\/\/identidadalvearense.com.ar\/?p=3802","name":"Video - Bowen se prepara para celebrar el 25 de mayo con una jornada llena de actividades - Identidad Alvearense","isPartOf":{"@id":"https:\/\/identidadalvearense.com.ar\/#website"},"primaryImageOfPage":{"@id":"https:\/\/identidadalvearense.com.ar\/?p=3802#primaryimage"},"image":{"@id":"https:\/\/identidadalvearense.com.ar\/?p=3802#primaryimage"},"thumbnailUrl":"https:\/\/identidadalvearense.com.ar\/wp-content\/uploads\/WhatsApp-Image-2025-05-21-at-11.15.59-1.jpeg","datePublished":"2025-05-21T21:38:35+00:00","dateModified":"2025-05-21T21:52:41+00:00","breadcrumb":{"@id":"https:\/\/identidadalvearense.com.ar\/?p=3802#breadcrumb"},"inLanguage":"es","potentialAction":[{"@type":"ReadAction","target":["https:\/\/identidadalvearense.com.ar\/?p=3802"]}]},{"@type":"ImageObject","inLanguage":"es","@id":"https:\/\/identidadalvearense.com.ar\/?p=3802#primaryimage","url":"https:\/\/identidadalvearense.com.ar\/wp-content\/uploads\/WhatsApp-Image-2025-05-21-at-11.15.59-1.jpeg","contentUrl":"https:\/\/identidadalvearense.com.ar\/wp-content\/uploads\/WhatsApp-Image-2025-05-21-at-11.15.59-1.jpeg","width":800,"height":400},{"@type":"BreadcrumbList","@id":"https:\/\/identidadalvearense.com.ar\/?p=3802#breadcrumb","itemListElement":[{"@type":"ListItem","position":1,"name":"Portada","item":"https:\/\/identidadalvearense.com.ar\/"},{"@type":"ListItem","position":2,"name":"Video &#8211; Bowen se prepara para celebrar el 25 de mayo con una jornada llena de actividades"}]},{"@type":"WebSite","@id":"https:\/\/identidadalvearense.com.ar\/#website","url":"https:\/\/identidadalvearense.com.ar\/","name":"Identidad Alvearense","description":"Miranos en Youtube, escuchanos en Cadena Cooperativa 98.1","publisher":{"@id":"https:\/\/identidadalvearense.com.ar\/#organization"},"potentialAction":[{"@type":"SearchAction","target":{"@type":"EntryPoint","urlTemplate":"https:\/\/identidadalvearense.com.ar\/?s={search_term_string}"},"query-input":"required name=search_term_string"}],"inLanguage":"es"},{"@type":"Organization","@id":"https:\/\/identidadalvearense.com.ar\/#organization","name":"Identidad Alvearense","url":"https:\/\/identidadalvearense.com.ar\/","logo":{"@type":"ImageObject","inLanguage":"es","@id":"https:\/\/identidadalvearense.com.ar\/#\/schema\/logo\/image\/","url":"https:\/\/identidadalvearense.com.ar\/wp-content\/uploads\/cropped-Identidad-Alvearense-Logochico.png","contentUrl":"https:\/\/identidadalvearense.com.ar\/wp-content\/uploads\/cropped-Identidad-Alvearense-Logochico.png","width":300,"height":469,"caption":"Identidad Alvearense"},"image":{"@id":"https:\/\/identidadalvearense.com.ar\/#\/schema\/logo\/image\/"}},{"@type":"Person","@id":"https:\/\/identidadalvearense.com.ar\/#\/schema\/person\/5894277f60529507e524116e53df9cac","name":"Federico Navarro","sameAs":["https:\/\/identidadalvearense.com.ar"],"url":"https:\/\/identidadalvearense.com.ar\/?author=2"}]}},"_links":{"self":[{"href":"https:\/\/identidadalvearense.com.ar\/index.php?rest_route=\/wp\/v2\/posts\/3802","targetHints":{"allow":["GET"]}}],"collection":[{"href":"https:\/\/identidadalvearense.com.ar\/index.php?rest_route=\/wp\/v2\/posts"}],"about":[{"href":"https:\/\/identidadalvearense.com.ar\/index.php?rest_route=\/wp\/v2\/types\/post"}],"author":[{"embeddable":true,"href":"https:\/\/identidadalvearense.com.ar\/index.php?rest_route=\/wp\/v2\/users\/2"}],"replies":[{"embeddable":true,"href":"https:\/\/identidadalvearense.com.ar\/index.php?rest_route=%2Fwp%2Fv2%2Fcomments&post=3802"}],"version-history":[{"count":1,"href":"https:\/\/identidadalvearense.com.ar\/index.php?rest_route=\/wp\/v2\/posts\/3802\/revisions"}],"predecessor-version":[{"id":3806,"href":"https:\/\/identidadalvearense.com.ar\/index.php?rest_route=\/wp\/v2\/posts\/3802\/revisions\/3806"}],"wp:featuredmedia":[{"embeddable":true,"href":"https:\/\/identidadalvearense.com.ar\/index.php?rest_route=\/wp\/v2\/media\/3807"}],"wp:attachment":[{"href":"https:\/\/identidadalvearense.com.ar\/index.php?rest_route=%2Fwp%2Fv2%2Fmedia&parent=3802"}],"wp:term":[{"taxonomy":"category","embeddable":true,"href":"https:\/\/identidadalvearense.com.ar\/index.php?rest_route=%2Fwp%2Fv2%2Fcategories&post=3802"},{"taxonomy":"post_tag","embeddable":true,"href":"https:\/\/identidadalvearense.com.ar\/index.php?rest_route=%2Fwp%2Fv2%2Ftags&post=3802"}],"curies":[{"name":"wp","href":"https:\/\/api.w.org\/{rel}","templated":true}]}}