{"id":3821,"date":"2025-06-05T13:32:04","date_gmt":"2025-06-05T16:32:04","guid":{"rendered":"https:\/\/identidadalvearense.com.ar\/?p=3821"},"modified":"2025-06-05T13:32:04","modified_gmt":"2025-06-05T16:32:04","slug":"general-alvear-desmiente-una-deuda-de-590-millones-en-la-lucha-antigranizo-y-denuncia-una-operacion-politica","status":"publish","type":"post","link":"https:\/\/identidadalvearense.com.ar\/?p=3821","title":{"rendered":"General Alvear desmiente una deuda de $590 millones en la lucha antigranizo y denuncia una operaci\u00f3n pol\u00edtica"},"content":{"rendered":"<p>La Municipalidad de General Alvear desminti\u00f3 categ\u00f3ricamente la circulaci\u00f3n de un documento viral que afirmaba que el departamento adeuda 590 millones de pesos al fideicomiso destinado a la lucha antigranizo. Seg\u00fan las autoridades, los datos difundidos son falsos, inconsistentes desde el punto de vista contable y responden a una maniobra pol\u00edtica desde sectores vinculados a San Rafael.<\/p>\n<div class=\"ast-oembed-container\"><iframe title=\"Desmienten deuda por Lucha Antigranizo\" width=\"500\" height=\"281\" src=\"https:\/\/www.youtube.com\/embed\/PkuKXIyy0d8?feature=oembed\" frameborder=\"0\" allow=\"accelerometer; autoplay; clipboard-write; encrypted-media; gyroscope; picture-in-picture; web-share\" referrerpolicy=\"strict-origin-when-cross-origin\" allowfullscreen><\/iframe><\/div>\n<p>\u201cEse documento que sali\u00f3 y por el cual estamos haciendo esta aclaraci\u00f3n habla de 1.500 millones de aporte de Alvear. Esos datos no son. No son. Imag\u00ednense ustedes, si nosotros tuvi\u00e9ramos que hacernos eco de la veracidad de esa informaci\u00f3n, estamos hablando de que nos est\u00e1n sobrando 1.000 millones de pesos\u201d, explic\u00f3 el director de Agricultura de la comuna, Agust\u00edn Anzorena. \u201cNo tienen mucho asidero tampoco, ni contablemente\u201d, agreg\u00f3.<br \/>\nAnzorena repas\u00f3 el origen del fideicomiso, conformado por un aporte provincial de 1.800 millones de pesos ya transferidos, y compromisos de San Rafael por 1.060 millones y de General Alvear por 530 millones. \u201cGeneral Alvear lleva aportados 457 millones. Siempre tratamos de ser cautelosos con este tema tan sensible. Pero esta semana el sector opositor no cumpli\u00f3 con eso. Se ha metido a la pol\u00edtica con mentiras\u201d, expres\u00f3.<br \/>\n\u201cSon tan burdas las mentiras que reclaman que General Alvear debe 590 millones, cuando en un principio se deb\u00eda aportar 530. Aclararle a la ciudadan\u00eda que General Alvear siempre fue el que tom\u00f3 la iniciativa para sostener el sistema\u201d, sostuvo Anzorena, quien adem\u00e1s apunt\u00f3 contra la falta de compromiso del municipio vecino: \u201cSan Rafael siempre fue un lastre, nunca quiso. Les tuvo que caer granizo en Monte Com\u00e1n para que activaran, San Rafael debe\u2026tiene que aportar mil sesenta millones, lo cual lleva aportado ochocientos ochenta y siete millones. Est\u00e1 debiendo casi cuatro veces m\u00e1s de lo que debe General Alvear\u201d.<br \/>\nConsultado sobre si considera que se trata de una operaci\u00f3n pol\u00edtica, respondi\u00f3 sin titubeos: \u201cclaro que s\u00ed, entiendo que es una operaci\u00f3n que sale de San Rafael. No s\u00e9 si de la Intendencia, pero s\u00ed de alg\u00fan sector pol\u00edtico\u201d.<br \/>\nEn cuanto a la situaci\u00f3n financiera concreta, el secretario de Hacienda, Jorge De Nardi, asegur\u00f3 que la comuna est\u00e1 al d\u00eda y que solo resta cancelar la \u00faltima cuota del fideicomiso: \u201cEstamos dentro de los plazos legales. El municipio va a pagar en tiempo y forma, como siempre ha hecho con todas sus deudas\u201d.<br \/>\nDesde un enfoque t\u00e9cnico, De Nardi detall\u00f3 que \u201clos aportes que hemos hecho al pago del fideicomiso provienen del espacio de uso a\u00e9reo por $257.112.827 y de recursos propios por $200.706.428, lo que hace un total de $457.819.256\u201d. Tambi\u00e9n precis\u00f3 que lo recaudado por los vecinos a trav\u00e9s de las cooperativas Cecsagal y Cospac no alcanza para cubrir el compromiso inicial: \u201cdesde Cecsagal se han recibido $215.644.827 y desde Cospac, $41.468.000\u201d.<br \/>\n\u201cLa otra parte viene de aportes genuinos de la Municipalidad. Con el aporte del uso de espacio a\u00e9reo no vamos a cubrir los $530 millones, ya lo sab\u00edamos. Pero lo importante es que se est\u00e1 cumpliendo. No hay deuda vencida, no hay incumplimientos\u201d, explic\u00f3.<br \/>\nEl sistema de lucha antigranizo, operado mediante una licitaci\u00f3n p\u00fablica, finaliz\u00f3 su operaci\u00f3n el 11 de abril de este a\u00f1o. Para las autoridades, el foco deber\u00eda estar puesto en el futuro. \u201cLo que peligra es c\u00f3mo vamos a trabajar de ac\u00e1 en adelante con un municipio al que sinceramente lo \u00fanico que le importa son chicanas pol\u00edticas\u201d, advirti\u00f3 Anzorena.<br \/>\nFinalmente, ambos funcionarios coincidieron en que la ciudadan\u00eda debe mantenerse informada y tranquila: \u201cel municipio, una vez que termine de recaudar lo que gast\u00f3 en el servicio, dar\u00e1 de baja la ordenanza. No se va a recaudar de m\u00e1s. No se va a quedar con la plata\u201d, cerr\u00f3 Anzorena.<\/p>\n","protected":false},"excerpt":{"rendered":"<p>La Municipalidad de General Alvear desminti\u00f3 categ\u00f3ricamente la circulaci\u00f3n de un documento viral que afirmaba que el departamento adeuda 590 millones de pesos al fideicomiso destinado a la lucha antigranizo. Seg\u00fan las autoridades, los datos difundidos son falsos, inconsistentes desde el punto de vista contable y responden a una maniobra pol\u00edtica desde sectores vinculados a &hellip;<\/p>\n<p class=\"read-more\"> <a class=\"\" href=\"https:\/\/identidadalvearense.com.ar\/?p=3821\"> <span class=\"screen-reader-text\">General Alvear desmiente una deuda de $590 millones en la lucha antigranizo y denuncia una operaci\u00f3n pol\u00edtica<\/span> Leer m\u00e1s &raquo;<\/a><\/p>\n","protected":false},"author":2,"featured_media":3822,"comment_status":"closed","ping_status":"closed","sticky":false,"template":"","format":"standard","meta":{"site-sidebar-layout":"default","site-content-layout":"default","ast-main-header-display":"","ast-hfb-above-header-display":"","ast-hfb-below-header-display":"","ast-hfb-mobile-header-display":"","site-post-title":"","ast-breadcrumbs-content":"","ast-featured-img":"","footer-sml-layout":"","theme-transparent-header-meta":"default","adv-header-id-meta":"","stick-header-meta":"","header-above-stick-meta":"","header-main-stick-meta":"","header-below-stick-meta":"","footnotes":""},"categories":[21],"tags":[],"class_list":["post-3821","post","type-post","status-publish","format-standard","has-post-thumbnail","hentry","category-actualidad"],"yoast_head":"<!-- This site is optimized with the Yoast SEO plugin v23.3 - https:\/\/yoast.com\/wordpress\/plugins\/seo\/ -->\n<title>General Alvear desmiente una deuda de $590 millones en la lucha antigranizo y denuncia una operaci\u00f3n pol\u00edtica - Identidad Alvearense<\/title>\n<meta name=\"robots\" content=\"index, follow, max-snippet:-1, max-image-preview:large, max-video-preview:-1\" \/>\n<link rel=\"canonical\" href=\"https:\/\/identidadalvearense.com.ar\/?p=3821\" \/>\n<meta property=\"og:locale\" content=\"es_ES\" \/>\n<meta property=\"og:type\" content=\"article\" \/>\n<meta property=\"og:title\" content=\"General Alvear desmiente una deuda de $590 millones en la lucha antigranizo y denuncia una operaci\u00f3n pol\u00edtica - Identidad Alvearense\" \/>\n<meta property=\"og:description\" content=\"La Municipalidad de General Alvear desminti\u00f3 categ\u00f3ricamente la circulaci\u00f3n de un documento viral que afirmaba que el departamento adeuda 590 millones de pesos al fideicomiso destinado a la lucha antigranizo. Seg\u00fan las autoridades, los datos difundidos son falsos, inconsistentes desde el punto de vista contable y responden a una maniobra pol\u00edtica desde sectores vinculados a &hellip; General Alvear desmiente una deuda de $590 millones en la lucha antigranizo y denuncia una operaci\u00f3n pol\u00edtica Leer m\u00e1s &raquo;\" \/>\n<meta property=\"og:url\" content=\"https:\/\/identidadalvearense.com.ar\/?p=3821\" \/>\n<meta property=\"og:site_name\" content=\"Identidad Alvearense\" \/>\n<meta property=\"article:published_time\" content=\"2025-06-05T16:32:04+00:00\" \/>\n<meta property=\"og:image\" content=\"https:\/\/identidadalvearense.com.ar\/wp-content\/uploads\/avion-antigranizo.png\" \/>\n\t<meta property=\"og:image:width\" content=\"945\" \/>\n\t<meta property=\"og:image:height\" content=\"532\" \/>\n\t<meta property=\"og:image:type\" content=\"image\/png\" \/>\n<meta name=\"author\" content=\"Federico Navarro\" \/>\n<meta name=\"twitter:card\" content=\"summary_large_image\" \/>\n<meta name=\"twitter:label1\" content=\"Escrito por\" \/>\n\t<meta name=\"twitter:data1\" content=\"Federico Navarro\" \/>\n\t<meta name=\"twitter:label2\" content=\"Tiempo de lectura\" \/>\n\t<meta name=\"twitter:data2\" content=\"4 minutos\" \/>\n<script type=\"application\/ld+json\" class=\"yoast-schema-graph\">{\"@context\":\"https:\/\/schema.org\",\"@graph\":[{\"@type\":\"Article\",\"@id\":\"https:\/\/identidadalvearense.com.ar\/?p=3821#article\",\"isPartOf\":{\"@id\":\"https:\/\/identidadalvearense.com.ar\/?p=3821\"},\"author\":{\"name\":\"Federico Navarro\",\"@id\":\"https:\/\/identidadalvearense.com.ar\/#\/schema\/person\/5894277f60529507e524116e53df9cac\"},\"headline\":\"General Alvear desmiente una deuda de $590 millones en la lucha antigranizo y denuncia una operaci\u00f3n pol\u00edtica\",\"datePublished\":\"2025-06-05T16:32:04+00:00\",\"dateModified\":\"2025-06-05T16:32:04+00:00\",\"mainEntityOfPage\":{\"@id\":\"https:\/\/identidadalvearense.com.ar\/?p=3821\"},\"wordCount\":658,\"publisher\":{\"@id\":\"https:\/\/identidadalvearense.com.ar\/#organization\"},\"image\":{\"@id\":\"https:\/\/identidadalvearense.com.ar\/?p=3821#primaryimage\"},\"thumbnailUrl\":\"https:\/\/identidadalvearense.com.ar\/wp-content\/uploads\/avion-antigranizo.png\",\"articleSection\":[\"Actualidad\"],\"inLanguage\":\"es\"},{\"@type\":\"WebPage\",\"@id\":\"https:\/\/identidadalvearense.com.ar\/?p=3821\",\"url\":\"https:\/\/identidadalvearense.com.ar\/?p=3821\",\"name\":\"General Alvear desmiente una deuda de $590 millones en la lucha antigranizo y denuncia una operaci\u00f3n pol\u00edtica - Identidad Alvearense\",\"isPartOf\":{\"@id\":\"https:\/\/identidadalvearense.com.ar\/#website\"},\"primaryImageOfPage\":{\"@id\":\"https:\/\/identidadalvearense.com.ar\/?p=3821#primaryimage\"},\"image\":{\"@id\":\"https:\/\/identidadalvearense.com.ar\/?p=3821#primaryimage\"},\"thumbnailUrl\":\"https:\/\/identidadalvearense.com.ar\/wp-content\/uploads\/avion-antigranizo.png\",\"datePublished\":\"2025-06-05T16:32:04+00:00\",\"dateModified\":\"2025-06-05T16:32:04+00:00\",\"breadcrumb\":{\"@id\":\"https:\/\/identidadalvearense.com.ar\/?p=3821#breadcrumb\"},\"inLanguage\":\"es\",\"potentialAction\":[{\"@type\":\"ReadAction\",\"target\":[\"https:\/\/identidadalvearense.com.ar\/?p=3821\"]}]},{\"@type\":\"ImageObject\",\"inLanguage\":\"es\",\"@id\":\"https:\/\/identidadalvearense.com.ar\/?p=3821#primaryimage\",\"url\":\"https:\/\/identidadalvearense.com.ar\/wp-content\/uploads\/avion-antigranizo.png\",\"contentUrl\":\"https:\/\/identidadalvearense.com.ar\/wp-content\/uploads\/avion-antigranizo.png\",\"width\":945,\"height\":532},{\"@type\":\"BreadcrumbList\",\"@id\":\"https:\/\/identidadalvearense.com.ar\/?p=3821#breadcrumb\",\"itemListElement\":[{\"@type\":\"ListItem\",\"position\":1,\"name\":\"Portada\",\"item\":\"https:\/\/identidadalvearense.com.ar\/\"},{\"@type\":\"ListItem\",\"position\":2,\"name\":\"General Alvear desmiente una deuda de $590 millones en la lucha antigranizo y denuncia una operaci\u00f3n pol\u00edtica\"}]},{\"@type\":\"WebSite\",\"@id\":\"https:\/\/identidadalvearense.com.ar\/#website\",\"url\":\"https:\/\/identidadalvearense.com.ar\/\",\"name\":\"Identidad Alvearense\",\"description\":\"Miranos en Youtube, escuchanos en Cadena Cooperativa 98.1\",\"publisher\":{\"@id\":\"https:\/\/identidadalvearense.com.ar\/#organization\"},\"potentialAction\":[{\"@type\":\"SearchAction\",\"target\":{\"@type\":\"EntryPoint\",\"urlTemplate\":\"https:\/\/identidadalvearense.com.ar\/?s={search_term_string}\"},\"query-input\":\"required name=search_term_string\"}],\"inLanguage\":\"es\"},{\"@type\":\"Organization\",\"@id\":\"https:\/\/identidadalvearense.com.ar\/#organization\",\"name\":\"Identidad Alvearense\",\"url\":\"https:\/\/identidadalvearense.com.ar\/\",\"logo\":{\"@type\":\"ImageObject\",\"inLanguage\":\"es\",\"@id\":\"https:\/\/identidadalvearense.com.ar\/#\/schema\/logo\/image\/\",\"url\":\"https:\/\/identidadalvearense.com.ar\/wp-content\/uploads\/cropped-Identidad-Alvearense-Logochico.png\",\"contentUrl\":\"https:\/\/identidadalvearense.com.ar\/wp-content\/uploads\/cropped-Identidad-Alvearense-Logochico.png\",\"width\":300,\"height\":469,\"caption\":\"Identidad Alvearense\"},\"image\":{\"@id\":\"https:\/\/identidadalvearense.com.ar\/#\/schema\/logo\/image\/\"}},{\"@type\":\"Person\",\"@id\":\"https:\/\/identidadalvearense.com.ar\/#\/schema\/person\/5894277f60529507e524116e53df9cac\",\"name\":\"Federico Navarro\",\"sameAs\":[\"https:\/\/identidadalvearense.com.ar\"],\"url\":\"https:\/\/identidadalvearense.com.ar\/?author=2\"}]}<\/script>\n<!-- \/ Yoast SEO plugin. -->","yoast_head_json":{"title":"General Alvear desmiente una deuda de $590 millones en la lucha antigranizo y denuncia una operaci\u00f3n pol\u00edtica - Identidad Alvearense","robots":{"index":"index","follow":"follow","max-snippet":"max-snippet:-1","max-image-preview":"max-image-preview:large","max-video-preview":"max-video-preview:-1"},"canonical":"https:\/\/identidadalvearense.com.ar\/?p=3821","og_locale":"es_ES","og_type":"article","og_title":"General Alvear desmiente una deuda de $590 millones en la lucha antigranizo y denuncia una operaci\u00f3n pol\u00edtica - Identidad Alvearense","og_description":"La Municipalidad de General Alvear desminti\u00f3 categ\u00f3ricamente la circulaci\u00f3n de un documento viral que afirmaba que el departamento adeuda 590 millones de pesos al fideicomiso destinado a la lucha antigranizo. Seg\u00fan las autoridades, los datos difundidos son falsos, inconsistentes desde el punto de vista contable y responden a una maniobra pol\u00edtica desde sectores vinculados a &hellip; General Alvear desmiente una deuda de $590 millones en la lucha antigranizo y denuncia una operaci\u00f3n pol\u00edtica Leer m\u00e1s &raquo;","og_url":"https:\/\/identidadalvearense.com.ar\/?p=3821","og_site_name":"Identidad Alvearense","article_published_time":"2025-06-05T16:32:04+00:00","og_image":[{"width":945,"height":532,"url":"https:\/\/identidadalvearense.com.ar\/wp-content\/uploads\/avion-antigranizo.png","type":"image\/png"}],"author":"Federico Navarro","twitter_card":"summary_large_image","twitter_misc":{"Escrito por":"Federico Navarro","Tiempo de lectura":"4 minutos"},"schema":{"@context":"https:\/\/schema.org","@graph":[{"@type":"Article","@id":"https:\/\/identidadalvearense.com.ar\/?p=3821#article","isPartOf":{"@id":"https:\/\/identidadalvearense.com.ar\/?p=3821"},"author":{"name":"Federico Navarro","@id":"https:\/\/identidadalvearense.com.ar\/#\/schema\/person\/5894277f60529507e524116e53df9cac"},"headline":"General Alvear desmiente una deuda de $590 millones en la lucha antigranizo y denuncia una operaci\u00f3n pol\u00edtica","datePublished":"2025-06-05T16:32:04+00:00","dateModified":"2025-06-05T16:32:04+00:00","mainEntityOfPage":{"@id":"https:\/\/identidadalvearense.com.ar\/?p=3821"},"wordCount":658,"publisher":{"@id":"https:\/\/identidadalvearense.com.ar\/#organization"},"image":{"@id":"https:\/\/identidadalvearense.com.ar\/?p=3821#primaryimage"},"thumbnailUrl":"https:\/\/identidadalvearense.com.ar\/wp-content\/uploads\/avion-antigranizo.png","articleSection":["Actualidad"],"inLanguage":"es"},{"@type":"WebPage","@id":"https:\/\/identidadalvearense.com.ar\/?p=3821","url":"https:\/\/identidadalvearense.com.ar\/?p=3821","name":"General Alvear desmiente una deuda de $590 millones en la lucha antigranizo y denuncia una operaci\u00f3n pol\u00edtica - Identidad Alvearense","isPartOf":{"@id":"https:\/\/identidadalvearense.com.ar\/#website"},"primaryImageOfPage":{"@id":"https:\/\/identidadalvearense.com.ar\/?p=3821#primaryimage"},"image":{"@id":"https:\/\/identidadalvearense.com.ar\/?p=3821#primaryimage"},"thumbnailUrl":"https:\/\/identidadalvearense.com.ar\/wp-content\/uploads\/avion-antigranizo.png","datePublished":"2025-06-05T16:32:04+00:00","dateModified":"2025-06-05T16:32:04+00:00","breadcrumb":{"@id":"https:\/\/identidadalvearense.com.ar\/?p=3821#breadcrumb"},"inLanguage":"es","potentialAction":[{"@type":"ReadAction","target":["https:\/\/identidadalvearense.com.ar\/?p=3821"]}]},{"@type":"ImageObject","inLanguage":"es","@id":"https:\/\/identidadalvearense.com.ar\/?p=3821#primaryimage","url":"https:\/\/identidadalvearense.com.ar\/wp-content\/uploads\/avion-antigranizo.png","contentUrl":"https:\/\/identidadalvearense.com.ar\/wp-content\/uploads\/avion-antigranizo.png","width":945,"height":532},{"@type":"BreadcrumbList","@id":"https:\/\/identidadalvearense.com.ar\/?p=3821#breadcrumb","itemListElement":[{"@type":"ListItem","position":1,"name":"Portada","item":"https:\/\/identidadalvearense.com.ar\/"},{"@type":"ListItem","position":2,"name":"General Alvear desmiente una deuda de $590 millones en la lucha antigranizo y denuncia una operaci\u00f3n pol\u00edtica"}]},{"@type":"WebSite","@id":"https:\/\/identidadalvearense.com.ar\/#website","url":"https:\/\/identidadalvearense.com.ar\/","name":"Identidad Alvearense","description":"Miranos en Youtube, escuchanos en Cadena Cooperativa 98.1","publisher":{"@id":"https:\/\/identidadalvearense.com.ar\/#organization"},"potentialAction":[{"@type":"SearchAction","target":{"@type":"EntryPoint","urlTemplate":"https:\/\/identidadalvearense.com.ar\/?s={search_term_string}"},"query-input":"required name=search_term_string"}],"inLanguage":"es"},{"@type":"Organization","@id":"https:\/\/identidadalvearense.com.ar\/#organization","name":"Identidad Alvearense","url":"https:\/\/identidadalvearense.com.ar\/","logo":{"@type":"ImageObject","inLanguage":"es","@id":"https:\/\/identidadalvearense.com.ar\/#\/schema\/logo\/image\/","url":"https:\/\/identidadalvearense.com.ar\/wp-content\/uploads\/cropped-Identidad-Alvearense-Logochico.png","contentUrl":"https:\/\/identidadalvearense.com.ar\/wp-content\/uploads\/cropped-Identidad-Alvearense-Logochico.png","width":300,"height":469,"caption":"Identidad Alvearense"},"image":{"@id":"https:\/\/identidadalvearense.com.ar\/#\/schema\/logo\/image\/"}},{"@type":"Person","@id":"https:\/\/identidadalvearense.com.ar\/#\/schema\/person\/5894277f60529507e524116e53df9cac","name":"Federico Navarro","sameAs":["https:\/\/identidadalvearense.com.ar"],"url":"https:\/\/identidadalvearense.com.ar\/?author=2"}]}},"_links":{"self":[{"href":"https:\/\/identidadalvearense.com.ar\/index.php?rest_route=\/wp\/v2\/posts\/3821","targetHints":{"allow":["GET"]}}],"collection":[{"href":"https:\/\/identidadalvearense.com.ar\/index.php?rest_route=\/wp\/v2\/posts"}],"about":[{"href":"https:\/\/identidadalvearense.com.ar\/index.php?rest_route=\/wp\/v2\/types\/post"}],"author":[{"embeddable":true,"href":"https:\/\/identidadalvearense.com.ar\/index.php?rest_route=\/wp\/v2\/users\/2"}],"replies":[{"embeddable":true,"href":"https:\/\/identidadalvearense.com.ar\/index.php?rest_route=%2Fwp%2Fv2%2Fcomments&post=3821"}],"version-history":[{"count":1,"href":"https:\/\/identidadalvearense.com.ar\/index.php?rest_route=\/wp\/v2\/posts\/3821\/revisions"}],"predecessor-version":[{"id":3823,"href":"https:\/\/identidadalvearense.com.ar\/index.php?rest_route=\/wp\/v2\/posts\/3821\/revisions\/3823"}],"wp:featuredmedia":[{"embeddable":true,"href":"https:\/\/identidadalvearense.com.ar\/index.php?rest_route=\/wp\/v2\/media\/3822"}],"wp:attachment":[{"href":"https:\/\/identidadalvearense.com.ar\/index.php?rest_route=%2Fwp%2Fv2%2Fmedia&parent=3821"}],"wp:term":[{"taxonomy":"category","embeddable":true,"href":"https:\/\/identidadalvearense.com.ar\/index.php?rest_route=%2Fwp%2Fv2%2Fcategories&post=3821"},{"taxonomy":"post_tag","embeddable":true,"href":"https:\/\/identidadalvearense.com.ar\/index.php?rest_route=%2Fwp%2Fv2%2Ftags&post=3821"}],"curies":[{"name":"wp","href":"https:\/\/api.w.org\/{rel}","templated":true}]}}