{"id":3824,"date":"2025-06-08T17:35:05","date_gmt":"2025-06-08T20:35:05","guid":{"rendered":"https:\/\/identidadalvearense.com.ar\/?p=3824"},"modified":"2025-06-08T17:35:05","modified_gmt":"2025-06-08T20:35:05","slug":"homenaje-a-edgardo-pesce-en-el-dia-del-periodista-un-reconocimiento-a-la-trayectoria-y-la-vocacion","status":"publish","type":"post","link":"https:\/\/identidadalvearense.com.ar\/?p=3824","title":{"rendered":"Homenaje a Edgardo Pesce en el D\u00eda del Periodista: un reconocimiento a la trayectoria y la vocaci\u00f3n"},"content":{"rendered":"<p>En el marco del D\u00eda del Periodista, se llev\u00f3 a cabo un emotivo acto en el parque Pueblo Luna de Alvear Oeste, donde se rindi\u00f3 homenaje a Edgardo Pesce, una figura emblem\u00e1tica del periodismo en General Alvear. Pesce, fallecido el a\u00f1o pasado, dej\u00f3 una marca en los medios locales por su compromiso con la verdad, la calidad de su trabajo y su rol como formador de nuevas generaciones de comunicadores.<br \/>\nEl encuentro reuni\u00f3 a periodistas y funcionarios, encabezados por el Intendente Alejandro Molero. En representaci\u00f3n del Municipio, el director de Comunicaci\u00f3n, Diego Musa, destac\u00f3 la relevancia de la labor period\u00edstica y el valor del homenaje: \u201ces un placer estar ac\u00e1. Uno se pone nervioso al hablar frente a tantos periodistas, que son el nexo entre lo que hacemos d\u00eda a d\u00eda y el pueblo. Es un d\u00eda muy especial para todos los que trabajamos en esto. Adem\u00e1s, quisimos recordar a Edgardo, con quien compart\u00ed momentos muy significativos. El a\u00f1o pasado, al finalizar este mismo acto, nos quedamos charlando sobre este parque, sobre c\u00f3mo mejorarlo y hacerlo m\u00e1s visible. Hoy, al llegar, me impact\u00f3 revivir esa imagen. Pesce fue alguien que sab\u00eda todo y te facilitaba el trabajo, pero tambi\u00e9n exig\u00eda lo mejor\u201d.<br \/>\nOtro de los momentos destacados del acto fue la presencia y el testimonio de Adolfo S\u00e1nchez, referente indiscutido del periodismo alvearense, con m\u00e1s de seis d\u00e9cadas de trayectoria. S\u00e1nchez repas\u00f3 su carrera, que comenz\u00f3 en los a\u00f1os 50 con una red de parlantes callejeros y atraves\u00f3 todos los medios: radio, gr\u00e1fica y televisi\u00f3n.<br \/>\n\u201cPas\u00e9 por todos los medios. Estuve en la vieja difusora, en LV4 en San Rafael, fund\u00e9 LV23 y trabaj\u00e9 en el diario Mendoza, que intent\u00f3 competir con Los Andes. Desde 1985, estoy en TVCOA. A lo largo del tiempo, he vivido todas las transformaciones tecnol\u00f3gicas, desde la improvisaci\u00f3n de antes hasta la inmediatez de hoy con las redes e internet\u201d, se\u00f1al\u00f3.<br \/>\nS\u00e1nchez tambi\u00e9n destac\u00f3 la formaci\u00f3n autodidacta de muchos comunicadores de la regi\u00f3n: \u201cla mayor\u00eda nos hicimos en la universidad de la calle. Algunos pudieron estudiar, pero la mayor\u00eda fuimos aprendiendo haciendo, con vocaci\u00f3n y honestidad. Edgardo Pesce tambi\u00e9n se form\u00f3 en ese camino, y verlo hoy homenajeado es un orgullo para quienes compartimos ese recorrido\u201d.<br \/>\nEl acto no solo fue una celebraci\u00f3n del presente, sino tambi\u00e9n una oportunidad para reflexionar sobre el oficio, el legado y el compromiso de quienes hacen del periodismo una herramienta de servicio p\u00fablico. En palabras y gestos, General Alvear reafirm\u00f3 su respeto por quienes informan, investigan y narran el pulso cotidiano del departamento.<\/p>\n","protected":false},"excerpt":{"rendered":"<p>En el marco del D\u00eda del Periodista, se llev\u00f3 a cabo un emotivo acto en el parque Pueblo Luna de Alvear Oeste, donde se rindi\u00f3 homenaje a Edgardo Pesce, una figura emblem\u00e1tica del periodismo en General Alvear. Pesce, fallecido el a\u00f1o pasado, dej\u00f3 una marca en los medios locales por su compromiso con la verdad, &hellip;<\/p>\n<p class=\"read-more\"> <a class=\"\" href=\"https:\/\/identidadalvearense.com.ar\/?p=3824\"> <span class=\"screen-reader-text\">Homenaje a Edgardo Pesce en el D\u00eda del Periodista: un reconocimiento a la trayectoria y la vocaci\u00f3n<\/span> Leer m\u00e1s &raquo;<\/a><\/p>\n","protected":false},"author":2,"featured_media":3825,"comment_status":"closed","ping_status":"closed","sticky":false,"template":"","format":"standard","meta":{"site-sidebar-layout":"default","site-content-layout":"default","ast-main-header-display":"","ast-hfb-above-header-display":"","ast-hfb-below-header-display":"","ast-hfb-mobile-header-display":"","site-post-title":"","ast-breadcrumbs-content":"","ast-featured-img":"","footer-sml-layout":"","theme-transparent-header-meta":"default","adv-header-id-meta":"","stick-header-meta":"","header-above-stick-meta":"","header-main-stick-meta":"","header-below-stick-meta":"","footnotes":""},"categories":[21],"tags":[],"class_list":["post-3824","post","type-post","status-publish","format-standard","has-post-thumbnail","hentry","category-actualidad"],"yoast_head":"<!-- This site is optimized with the Yoast SEO plugin v23.3 - https:\/\/yoast.com\/wordpress\/plugins\/seo\/ -->\n<title>Homenaje a Edgardo Pesce en el D\u00eda del Periodista: un reconocimiento a la trayectoria y la vocaci\u00f3n - Identidad Alvearense<\/title>\n<meta name=\"robots\" content=\"index, follow, max-snippet:-1, max-image-preview:large, max-video-preview:-1\" \/>\n<link rel=\"canonical\" href=\"https:\/\/identidadalvearense.com.ar\/?p=3824\" \/>\n<meta property=\"og:locale\" content=\"es_ES\" \/>\n<meta property=\"og:type\" content=\"article\" \/>\n<meta property=\"og:title\" content=\"Homenaje a Edgardo Pesce en el D\u00eda del Periodista: un reconocimiento a la trayectoria y la vocaci\u00f3n - Identidad Alvearense\" \/>\n<meta property=\"og:description\" content=\"En el marco del D\u00eda del Periodista, se llev\u00f3 a cabo un emotivo acto en el parque Pueblo Luna de Alvear Oeste, donde se rindi\u00f3 homenaje a Edgardo Pesce, una figura emblem\u00e1tica del periodismo en General Alvear. Pesce, fallecido el a\u00f1o pasado, dej\u00f3 una marca en los medios locales por su compromiso con la verdad, &hellip; Homenaje a Edgardo Pesce en el D\u00eda del Periodista: un reconocimiento a la trayectoria y la vocaci\u00f3n Leer m\u00e1s &raquo;\" \/>\n<meta property=\"og:url\" content=\"https:\/\/identidadalvearense.com.ar\/?p=3824\" \/>\n<meta property=\"og:site_name\" content=\"Identidad Alvearense\" \/>\n<meta property=\"article:published_time\" content=\"2025-06-08T20:35:05+00:00\" \/>\n<meta property=\"og:image\" content=\"https:\/\/identidadalvearense.com.ar\/wp-content\/uploads\/WhatsApp-Image-2025-06-08-at-13.27.50.jpeg\" \/>\n\t<meta property=\"og:image:width\" content=\"1600\" \/>\n\t<meta property=\"og:image:height\" content=\"1067\" \/>\n\t<meta property=\"og:image:type\" content=\"image\/jpeg\" \/>\n<meta name=\"author\" content=\"Federico Navarro\" \/>\n<meta name=\"twitter:card\" content=\"summary_large_image\" \/>\n<meta name=\"twitter:label1\" content=\"Escrito por\" \/>\n\t<meta name=\"twitter:data1\" content=\"Federico Navarro\" \/>\n\t<meta name=\"twitter:label2\" content=\"Tiempo de lectura\" \/>\n\t<meta name=\"twitter:data2\" content=\"2 minutos\" \/>\n<script type=\"application\/ld+json\" class=\"yoast-schema-graph\">{\"@context\":\"https:\/\/schema.org\",\"@graph\":[{\"@type\":\"Article\",\"@id\":\"https:\/\/identidadalvearense.com.ar\/?p=3824#article\",\"isPartOf\":{\"@id\":\"https:\/\/identidadalvearense.com.ar\/?p=3824\"},\"author\":{\"name\":\"Federico Navarro\",\"@id\":\"https:\/\/identidadalvearense.com.ar\/#\/schema\/person\/5894277f60529507e524116e53df9cac\"},\"headline\":\"Homenaje a Edgardo Pesce en el D\u00eda del Periodista: un reconocimiento a la trayectoria y la vocaci\u00f3n\",\"datePublished\":\"2025-06-08T20:35:05+00:00\",\"dateModified\":\"2025-06-08T20:35:05+00:00\",\"mainEntityOfPage\":{\"@id\":\"https:\/\/identidadalvearense.com.ar\/?p=3824\"},\"wordCount\":478,\"publisher\":{\"@id\":\"https:\/\/identidadalvearense.com.ar\/#organization\"},\"image\":{\"@id\":\"https:\/\/identidadalvearense.com.ar\/?p=3824#primaryimage\"},\"thumbnailUrl\":\"https:\/\/identidadalvearense.com.ar\/wp-content\/uploads\/WhatsApp-Image-2025-06-08-at-13.27.50.jpeg\",\"articleSection\":[\"Actualidad\"],\"inLanguage\":\"es\"},{\"@type\":\"WebPage\",\"@id\":\"https:\/\/identidadalvearense.com.ar\/?p=3824\",\"url\":\"https:\/\/identidadalvearense.com.ar\/?p=3824\",\"name\":\"Homenaje a Edgardo Pesce en el D\u00eda del Periodista: un reconocimiento a la trayectoria y la vocaci\u00f3n - Identidad Alvearense\",\"isPartOf\":{\"@id\":\"https:\/\/identidadalvearense.com.ar\/#website\"},\"primaryImageOfPage\":{\"@id\":\"https:\/\/identidadalvearense.com.ar\/?p=3824#primaryimage\"},\"image\":{\"@id\":\"https:\/\/identidadalvearense.com.ar\/?p=3824#primaryimage\"},\"thumbnailUrl\":\"https:\/\/identidadalvearense.com.ar\/wp-content\/uploads\/WhatsApp-Image-2025-06-08-at-13.27.50.jpeg\",\"datePublished\":\"2025-06-08T20:35:05+00:00\",\"dateModified\":\"2025-06-08T20:35:05+00:00\",\"breadcrumb\":{\"@id\":\"https:\/\/identidadalvearense.com.ar\/?p=3824#breadcrumb\"},\"inLanguage\":\"es\",\"potentialAction\":[{\"@type\":\"ReadAction\",\"target\":[\"https:\/\/identidadalvearense.com.ar\/?p=3824\"]}]},{\"@type\":\"ImageObject\",\"inLanguage\":\"es\",\"@id\":\"https:\/\/identidadalvearense.com.ar\/?p=3824#primaryimage\",\"url\":\"https:\/\/identidadalvearense.com.ar\/wp-content\/uploads\/WhatsApp-Image-2025-06-08-at-13.27.50.jpeg\",\"contentUrl\":\"https:\/\/identidadalvearense.com.ar\/wp-content\/uploads\/WhatsApp-Image-2025-06-08-at-13.27.50.jpeg\",\"width\":1600,\"height\":1067},{\"@type\":\"BreadcrumbList\",\"@id\":\"https:\/\/identidadalvearense.com.ar\/?p=3824#breadcrumb\",\"itemListElement\":[{\"@type\":\"ListItem\",\"position\":1,\"name\":\"Portada\",\"item\":\"https:\/\/identidadalvearense.com.ar\/\"},{\"@type\":\"ListItem\",\"position\":2,\"name\":\"Homenaje a Edgardo Pesce en el D\u00eda del Periodista: un reconocimiento a la trayectoria y la vocaci\u00f3n\"}]},{\"@type\":\"WebSite\",\"@id\":\"https:\/\/identidadalvearense.com.ar\/#website\",\"url\":\"https:\/\/identidadalvearense.com.ar\/\",\"name\":\"Identidad Alvearense\",\"description\":\"Miranos en Youtube, escuchanos en Cadena Cooperativa 98.1\",\"publisher\":{\"@id\":\"https:\/\/identidadalvearense.com.ar\/#organization\"},\"potentialAction\":[{\"@type\":\"SearchAction\",\"target\":{\"@type\":\"EntryPoint\",\"urlTemplate\":\"https:\/\/identidadalvearense.com.ar\/?s={search_term_string}\"},\"query-input\":\"required name=search_term_string\"}],\"inLanguage\":\"es\"},{\"@type\":\"Organization\",\"@id\":\"https:\/\/identidadalvearense.com.ar\/#organization\",\"name\":\"Identidad Alvearense\",\"url\":\"https:\/\/identidadalvearense.com.ar\/\",\"logo\":{\"@type\":\"ImageObject\",\"inLanguage\":\"es\",\"@id\":\"https:\/\/identidadalvearense.com.ar\/#\/schema\/logo\/image\/\",\"url\":\"https:\/\/identidadalvearense.com.ar\/wp-content\/uploads\/cropped-Identidad-Alvearense-Logochico.png\",\"contentUrl\":\"https:\/\/identidadalvearense.com.ar\/wp-content\/uploads\/cropped-Identidad-Alvearense-Logochico.png\",\"width\":300,\"height\":469,\"caption\":\"Identidad Alvearense\"},\"image\":{\"@id\":\"https:\/\/identidadalvearense.com.ar\/#\/schema\/logo\/image\/\"}},{\"@type\":\"Person\",\"@id\":\"https:\/\/identidadalvearense.com.ar\/#\/schema\/person\/5894277f60529507e524116e53df9cac\",\"name\":\"Federico Navarro\",\"sameAs\":[\"https:\/\/identidadalvearense.com.ar\"],\"url\":\"https:\/\/identidadalvearense.com.ar\/?author=2\"}]}<\/script>\n<!-- \/ Yoast SEO plugin. -->","yoast_head_json":{"title":"Homenaje a Edgardo Pesce en el D\u00eda del Periodista: un reconocimiento a la trayectoria y la vocaci\u00f3n - Identidad Alvearense","robots":{"index":"index","follow":"follow","max-snippet":"max-snippet:-1","max-image-preview":"max-image-preview:large","max-video-preview":"max-video-preview:-1"},"canonical":"https:\/\/identidadalvearense.com.ar\/?p=3824","og_locale":"es_ES","og_type":"article","og_title":"Homenaje a Edgardo Pesce en el D\u00eda del Periodista: un reconocimiento a la trayectoria y la vocaci\u00f3n - Identidad Alvearense","og_description":"En el marco del D\u00eda del Periodista, se llev\u00f3 a cabo un emotivo acto en el parque Pueblo Luna de Alvear Oeste, donde se rindi\u00f3 homenaje a Edgardo Pesce, una figura emblem\u00e1tica del periodismo en General Alvear. Pesce, fallecido el a\u00f1o pasado, dej\u00f3 una marca en los medios locales por su compromiso con la verdad, &hellip; Homenaje a Edgardo Pesce en el D\u00eda del Periodista: un reconocimiento a la trayectoria y la vocaci\u00f3n Leer m\u00e1s &raquo;","og_url":"https:\/\/identidadalvearense.com.ar\/?p=3824","og_site_name":"Identidad Alvearense","article_published_time":"2025-06-08T20:35:05+00:00","og_image":[{"width":1600,"height":1067,"url":"https:\/\/identidadalvearense.com.ar\/wp-content\/uploads\/WhatsApp-Image-2025-06-08-at-13.27.50.jpeg","type":"image\/jpeg"}],"author":"Federico Navarro","twitter_card":"summary_large_image","twitter_misc":{"Escrito por":"Federico Navarro","Tiempo de lectura":"2 minutos"},"schema":{"@context":"https:\/\/schema.org","@graph":[{"@type":"Article","@id":"https:\/\/identidadalvearense.com.ar\/?p=3824#article","isPartOf":{"@id":"https:\/\/identidadalvearense.com.ar\/?p=3824"},"author":{"name":"Federico Navarro","@id":"https:\/\/identidadalvearense.com.ar\/#\/schema\/person\/5894277f60529507e524116e53df9cac"},"headline":"Homenaje a Edgardo Pesce en el D\u00eda del Periodista: un reconocimiento a la trayectoria y la vocaci\u00f3n","datePublished":"2025-06-08T20:35:05+00:00","dateModified":"2025-06-08T20:35:05+00:00","mainEntityOfPage":{"@id":"https:\/\/identidadalvearense.com.ar\/?p=3824"},"wordCount":478,"publisher":{"@id":"https:\/\/identidadalvearense.com.ar\/#organization"},"image":{"@id":"https:\/\/identidadalvearense.com.ar\/?p=3824#primaryimage"},"thumbnailUrl":"https:\/\/identidadalvearense.com.ar\/wp-content\/uploads\/WhatsApp-Image-2025-06-08-at-13.27.50.jpeg","articleSection":["Actualidad"],"inLanguage":"es"},{"@type":"WebPage","@id":"https:\/\/identidadalvearense.com.ar\/?p=3824","url":"https:\/\/identidadalvearense.com.ar\/?p=3824","name":"Homenaje a Edgardo Pesce en el D\u00eda del Periodista: un reconocimiento a la trayectoria y la vocaci\u00f3n - Identidad Alvearense","isPartOf":{"@id":"https:\/\/identidadalvearense.com.ar\/#website"},"primaryImageOfPage":{"@id":"https:\/\/identidadalvearense.com.ar\/?p=3824#primaryimage"},"image":{"@id":"https:\/\/identidadalvearense.com.ar\/?p=3824#primaryimage"},"thumbnailUrl":"https:\/\/identidadalvearense.com.ar\/wp-content\/uploads\/WhatsApp-Image-2025-06-08-at-13.27.50.jpeg","datePublished":"2025-06-08T20:35:05+00:00","dateModified":"2025-06-08T20:35:05+00:00","breadcrumb":{"@id":"https:\/\/identidadalvearense.com.ar\/?p=3824#breadcrumb"},"inLanguage":"es","potentialAction":[{"@type":"ReadAction","target":["https:\/\/identidadalvearense.com.ar\/?p=3824"]}]},{"@type":"ImageObject","inLanguage":"es","@id":"https:\/\/identidadalvearense.com.ar\/?p=3824#primaryimage","url":"https:\/\/identidadalvearense.com.ar\/wp-content\/uploads\/WhatsApp-Image-2025-06-08-at-13.27.50.jpeg","contentUrl":"https:\/\/identidadalvearense.com.ar\/wp-content\/uploads\/WhatsApp-Image-2025-06-08-at-13.27.50.jpeg","width":1600,"height":1067},{"@type":"BreadcrumbList","@id":"https:\/\/identidadalvearense.com.ar\/?p=3824#breadcrumb","itemListElement":[{"@type":"ListItem","position":1,"name":"Portada","item":"https:\/\/identidadalvearense.com.ar\/"},{"@type":"ListItem","position":2,"name":"Homenaje a Edgardo Pesce en el D\u00eda del Periodista: un reconocimiento a la trayectoria y la vocaci\u00f3n"}]},{"@type":"WebSite","@id":"https:\/\/identidadalvearense.com.ar\/#website","url":"https:\/\/identidadalvearense.com.ar\/","name":"Identidad Alvearense","description":"Miranos en Youtube, escuchanos en Cadena Cooperativa 98.1","publisher":{"@id":"https:\/\/identidadalvearense.com.ar\/#organization"},"potentialAction":[{"@type":"SearchAction","target":{"@type":"EntryPoint","urlTemplate":"https:\/\/identidadalvearense.com.ar\/?s={search_term_string}"},"query-input":"required name=search_term_string"}],"inLanguage":"es"},{"@type":"Organization","@id":"https:\/\/identidadalvearense.com.ar\/#organization","name":"Identidad Alvearense","url":"https:\/\/identidadalvearense.com.ar\/","logo":{"@type":"ImageObject","inLanguage":"es","@id":"https:\/\/identidadalvearense.com.ar\/#\/schema\/logo\/image\/","url":"https:\/\/identidadalvearense.com.ar\/wp-content\/uploads\/cropped-Identidad-Alvearense-Logochico.png","contentUrl":"https:\/\/identidadalvearense.com.ar\/wp-content\/uploads\/cropped-Identidad-Alvearense-Logochico.png","width":300,"height":469,"caption":"Identidad Alvearense"},"image":{"@id":"https:\/\/identidadalvearense.com.ar\/#\/schema\/logo\/image\/"}},{"@type":"Person","@id":"https:\/\/identidadalvearense.com.ar\/#\/schema\/person\/5894277f60529507e524116e53df9cac","name":"Federico Navarro","sameAs":["https:\/\/identidadalvearense.com.ar"],"url":"https:\/\/identidadalvearense.com.ar\/?author=2"}]}},"_links":{"self":[{"href":"https:\/\/identidadalvearense.com.ar\/index.php?rest_route=\/wp\/v2\/posts\/3824","targetHints":{"allow":["GET"]}}],"collection":[{"href":"https:\/\/identidadalvearense.com.ar\/index.php?rest_route=\/wp\/v2\/posts"}],"about":[{"href":"https:\/\/identidadalvearense.com.ar\/index.php?rest_route=\/wp\/v2\/types\/post"}],"author":[{"embeddable":true,"href":"https:\/\/identidadalvearense.com.ar\/index.php?rest_route=\/wp\/v2\/users\/2"}],"replies":[{"embeddable":true,"href":"https:\/\/identidadalvearense.com.ar\/index.php?rest_route=%2Fwp%2Fv2%2Fcomments&post=3824"}],"version-history":[{"count":1,"href":"https:\/\/identidadalvearense.com.ar\/index.php?rest_route=\/wp\/v2\/posts\/3824\/revisions"}],"predecessor-version":[{"id":3826,"href":"https:\/\/identidadalvearense.com.ar\/index.php?rest_route=\/wp\/v2\/posts\/3824\/revisions\/3826"}],"wp:featuredmedia":[{"embeddable":true,"href":"https:\/\/identidadalvearense.com.ar\/index.php?rest_route=\/wp\/v2\/media\/3825"}],"wp:attachment":[{"href":"https:\/\/identidadalvearense.com.ar\/index.php?rest_route=%2Fwp%2Fv2%2Fmedia&parent=3824"}],"wp:term":[{"taxonomy":"category","embeddable":true,"href":"https:\/\/identidadalvearense.com.ar\/index.php?rest_route=%2Fwp%2Fv2%2Fcategories&post=3824"},{"taxonomy":"post_tag","embeddable":true,"href":"https:\/\/identidadalvearense.com.ar\/index.php?rest_route=%2Fwp%2Fv2%2Ftags&post=3824"}],"curies":[{"name":"wp","href":"https:\/\/api.w.org\/{rel}","templated":true}]}}