{"id":3838,"date":"2025-06-17T19:37:42","date_gmt":"2025-06-17T22:37:42","guid":{"rendered":"https:\/\/identidadalvearense.com.ar\/?p=3838"},"modified":"2025-06-17T19:53:53","modified_gmt":"2025-06-17T22:53:53","slug":"con-gran-convocatoria-se-corrio-la-carrera-de-la-bandera-en-alvear-oeste","status":"publish","type":"post","link":"https:\/\/identidadalvearense.com.ar\/?p=3838","title":{"rendered":"Con gran convocatoria se corri\u00f3 \u201cLa Carrera de la Bandera\u201d en Alvear Oeste"},"content":{"rendered":"<p>Alvear Oeste vivi\u00f3 una jornada deportiva y festiva en el marco del inicio de las celebraciones por el D\u00eda de la Bandera.<br \/>\nEste lunes, el distrito de Alvear Oeste fue escenario de la tradicional prueba atl\u00e9tica \u201cLa Carrera de la Bandera\u201d, la cual dio inicio al campeonato local de atletismo. Con una destacada participaci\u00f3n de m\u00e1s de 300 corredores, la jornada combin\u00f3 deporte, comunidad y patriotismo, en el entorno de la emblem\u00e1tica Plaza Manuel Belgrano.<\/p>\n<div class=\"ast-oembed-container\"><iframe title=\"Alberto Gomez   Carrera de la Bandera\" width=\"500\" height=\"281\" src=\"https:\/\/www.youtube.com\/embed\/aABPdXyv0eI?feature=oembed\" frameborder=\"0\" allow=\"accelerometer; autoplay; clipboard-write; encrypted-media; gyroscope; picture-in-picture; web-share\" referrerpolicy=\"strict-origin-when-cross-origin\" allowfullscreen><\/iframe><\/div>\n<p>La competencia incluy\u00f3 circuitos de 5K y 10K para las categor\u00edas adultas, con un recorrido urbano que abarc\u00f3 las calles del distrito y se extendi\u00f3 hasta las inmediaciones de la Ruta 188. Previamente, se desarrollaron las pruebas infantiles, con un circuito tipo cross country dentro del espacio verde central.<br \/>\nEl director de Deportes del municipio, Alberto G\u00f3mez, expres\u00f3 su satisfacci\u00f3n por la convocatoria: \u201chab\u00edamos proyectado para 300 corredores y llegamos a ese n\u00famero. Esta carrera es emblem\u00e1tica, ya conocida por muchos atletas que vienen a\u00f1o tras a\u00f1o. Adem\u00e1s, es la primera fecha de un campeonato que continuar\u00e1 el 10 de agosto, en un circuito homologado por la federaci\u00f3n, lo que permitir\u00e1 a los deportistas buscar marcas oficiales\u201d.<br \/>\nG\u00f3mez destac\u00f3 que la homologaci\u00f3n del circuito responde a una estrategia para insertar al departamento dentro del calendario federativo provincial y nacional. \u201cEs una oportunidad para atraer a deportistas de \u00e9lite y permitir que nuestros corredores locales se midan en competencias de nivel. La expectativa para la pr\u00f3xima fecha es de m\u00e1s de 500 corredores\u201d, afirm\u00f3.<\/p>\n<div class=\"ast-oembed-container\"><iframe title=\"Los ganadores de los 10K\" width=\"500\" height=\"281\" src=\"https:\/\/www.youtube.com\/embed\/cXDG-mZ6gaI?feature=oembed\" frameborder=\"0\" allow=\"accelerometer; autoplay; clipboard-write; encrypted-media; gyroscope; picture-in-picture; web-share\" referrerpolicy=\"strict-origin-when-cross-origin\" allowfullscreen><\/iframe><\/div>\n<p>Por su parte, la delegada distrital de Alvear Oeste, Jimena Garc\u00eda, valor\u00f3 la jornada como parte de una serie de actividades planificadas en torno al D\u00eda de la Bandera. \u201cComenzamos con la carrera, que reuni\u00f3 a deportistas locales y for\u00e1neos, y seguimos el 29 de junio con la segunda etapa del campeonato de mountain bike. Adem\u00e1s, este a\u00f1o recuperamos el desfile c\u00edvico en Alvear Oeste, algo que no se hac\u00eda hace m\u00e1s de 20 a\u00f1os\u201d, se\u00f1al\u00f3.<br \/>\nGarc\u00eda tambi\u00e9n anticip\u00f3 que el 20 de junio se vivir\u00e1 una jornada completa, con desayuno comunitario, acto protocolar con promesa de lealtad a la bandera por parte de alumnos de cuarto grado y cadetes de la polic\u00eda, y un desfile con instituciones educativas y civiles del distrito. Por la tarde, la plaza ser\u00e1 el escenario de actividades culturales abiertas a toda la comunidad.<br \/>\n\u201cInvitamos a todos los vecinos de General Alvear a participar, a traer el mate y la reposera, y disfrutar de este d\u00eda patrio en familia\u201d, concluy\u00f3 la delegada.<\/p>\n","protected":false},"excerpt":{"rendered":"<p>Alvear Oeste vivi\u00f3 una jornada deportiva y festiva en el marco del inicio de las celebraciones por el D\u00eda de la Bandera. Este lunes, el distrito de Alvear Oeste fue escenario de la tradicional prueba atl\u00e9tica \u201cLa Carrera de la Bandera\u201d, la cual dio inicio al campeonato local de atletismo. Con una destacada participaci\u00f3n de &hellip;<\/p>\n<p class=\"read-more\"> <a class=\"\" href=\"https:\/\/identidadalvearense.com.ar\/?p=3838\"> <span class=\"screen-reader-text\">Con gran convocatoria se corri\u00f3 \u201cLa Carrera de la Bandera\u201d en Alvear Oeste<\/span> Leer m\u00e1s &raquo;<\/a><\/p>\n","protected":false},"author":2,"featured_media":3839,"comment_status":"closed","ping_status":"closed","sticky":false,"template":"","format":"standard","meta":{"site-sidebar-layout":"default","site-content-layout":"default","ast-main-header-display":"","ast-hfb-above-header-display":"","ast-hfb-below-header-display":"","ast-hfb-mobile-header-display":"","site-post-title":"","ast-breadcrumbs-content":"","ast-featured-img":"","footer-sml-layout":"","theme-transparent-header-meta":"default","adv-header-id-meta":"","stick-header-meta":"","header-above-stick-meta":"","header-main-stick-meta":"","header-below-stick-meta":"","footnotes":""},"categories":[1],"tags":[],"class_list":["post-3838","post","type-post","status-publish","format-standard","has-post-thumbnail","hentry","category-noticias"],"yoast_head":"<!-- This site is optimized with the Yoast SEO plugin v23.3 - https:\/\/yoast.com\/wordpress\/plugins\/seo\/ -->\n<title>Con gran convocatoria se corri\u00f3 \u201cLa Carrera de la Bandera\u201d en Alvear Oeste - Identidad Alvearense<\/title>\n<meta name=\"robots\" content=\"index, follow, max-snippet:-1, max-image-preview:large, max-video-preview:-1\" \/>\n<link rel=\"canonical\" href=\"https:\/\/identidadalvearense.com.ar\/?p=3838\" \/>\n<meta property=\"og:locale\" content=\"es_ES\" \/>\n<meta property=\"og:type\" content=\"article\" \/>\n<meta property=\"og:title\" content=\"Con gran convocatoria se corri\u00f3 \u201cLa Carrera de la Bandera\u201d en Alvear Oeste - Identidad Alvearense\" \/>\n<meta property=\"og:description\" content=\"Alvear Oeste vivi\u00f3 una jornada deportiva y festiva en el marco del inicio de las celebraciones por el D\u00eda de la Bandera. Este lunes, el distrito de Alvear Oeste fue escenario de la tradicional prueba atl\u00e9tica \u201cLa Carrera de la Bandera\u201d, la cual dio inicio al campeonato local de atletismo. Con una destacada participaci\u00f3n de &hellip; Con gran convocatoria se corri\u00f3 \u201cLa Carrera de la Bandera\u201d en Alvear Oeste Leer m\u00e1s &raquo;\" \/>\n<meta property=\"og:url\" content=\"https:\/\/identidadalvearense.com.ar\/?p=3838\" \/>\n<meta property=\"og:site_name\" content=\"Identidad Alvearense\" \/>\n<meta property=\"article:published_time\" content=\"2025-06-17T22:37:42+00:00\" \/>\n<meta property=\"article:modified_time\" content=\"2025-06-17T22:53:53+00:00\" \/>\n<meta property=\"og:image\" content=\"https:\/\/identidadalvearense.com.ar\/wp-content\/uploads\/IMG_6755.jpg\" \/>\n\t<meta property=\"og:image:width\" content=\"2000\" \/>\n\t<meta property=\"og:image:height\" content=\"1333\" \/>\n\t<meta property=\"og:image:type\" content=\"image\/jpeg\" \/>\n<meta name=\"author\" content=\"Federico Navarro\" \/>\n<meta name=\"twitter:card\" content=\"summary_large_image\" \/>\n<meta name=\"twitter:label1\" content=\"Escrito por\" \/>\n\t<meta name=\"twitter:data1\" content=\"Federico Navarro\" \/>\n\t<meta name=\"twitter:label2\" content=\"Tiempo de lectura\" \/>\n\t<meta name=\"twitter:data2\" content=\"3 minutos\" \/>\n<script type=\"application\/ld+json\" class=\"yoast-schema-graph\">{\"@context\":\"https:\/\/schema.org\",\"@graph\":[{\"@type\":\"Article\",\"@id\":\"https:\/\/identidadalvearense.com.ar\/?p=3838#article\",\"isPartOf\":{\"@id\":\"https:\/\/identidadalvearense.com.ar\/?p=3838\"},\"author\":{\"name\":\"Federico Navarro\",\"@id\":\"https:\/\/identidadalvearense.com.ar\/#\/schema\/person\/5894277f60529507e524116e53df9cac\"},\"headline\":\"Con gran convocatoria se corri\u00f3 \u201cLa Carrera de la Bandera\u201d en Alvear Oeste\",\"datePublished\":\"2025-06-17T22:37:42+00:00\",\"dateModified\":\"2025-06-17T22:53:53+00:00\",\"mainEntityOfPage\":{\"@id\":\"https:\/\/identidadalvearense.com.ar\/?p=3838\"},\"wordCount\":467,\"publisher\":{\"@id\":\"https:\/\/identidadalvearense.com.ar\/#organization\"},\"image\":{\"@id\":\"https:\/\/identidadalvearense.com.ar\/?p=3838#primaryimage\"},\"thumbnailUrl\":\"https:\/\/identidadalvearense.com.ar\/wp-content\/uploads\/IMG_6755.jpg\",\"articleSection\":[\"Noticias\"],\"inLanguage\":\"es\"},{\"@type\":\"WebPage\",\"@id\":\"https:\/\/identidadalvearense.com.ar\/?p=3838\",\"url\":\"https:\/\/identidadalvearense.com.ar\/?p=3838\",\"name\":\"Con gran convocatoria se corri\u00f3 \u201cLa Carrera de la Bandera\u201d en Alvear Oeste - Identidad Alvearense\",\"isPartOf\":{\"@id\":\"https:\/\/identidadalvearense.com.ar\/#website\"},\"primaryImageOfPage\":{\"@id\":\"https:\/\/identidadalvearense.com.ar\/?p=3838#primaryimage\"},\"image\":{\"@id\":\"https:\/\/identidadalvearense.com.ar\/?p=3838#primaryimage\"},\"thumbnailUrl\":\"https:\/\/identidadalvearense.com.ar\/wp-content\/uploads\/IMG_6755.jpg\",\"datePublished\":\"2025-06-17T22:37:42+00:00\",\"dateModified\":\"2025-06-17T22:53:53+00:00\",\"breadcrumb\":{\"@id\":\"https:\/\/identidadalvearense.com.ar\/?p=3838#breadcrumb\"},\"inLanguage\":\"es\",\"potentialAction\":[{\"@type\":\"ReadAction\",\"target\":[\"https:\/\/identidadalvearense.com.ar\/?p=3838\"]}]},{\"@type\":\"ImageObject\",\"inLanguage\":\"es\",\"@id\":\"https:\/\/identidadalvearense.com.ar\/?p=3838#primaryimage\",\"url\":\"https:\/\/identidadalvearense.com.ar\/wp-content\/uploads\/IMG_6755.jpg\",\"contentUrl\":\"https:\/\/identidadalvearense.com.ar\/wp-content\/uploads\/IMG_6755.jpg\",\"width\":2000,\"height\":1333},{\"@type\":\"BreadcrumbList\",\"@id\":\"https:\/\/identidadalvearense.com.ar\/?p=3838#breadcrumb\",\"itemListElement\":[{\"@type\":\"ListItem\",\"position\":1,\"name\":\"Portada\",\"item\":\"https:\/\/identidadalvearense.com.ar\/\"},{\"@type\":\"ListItem\",\"position\":2,\"name\":\"Con gran convocatoria se corri\u00f3 \u201cLa Carrera de la Bandera\u201d en Alvear Oeste\"}]},{\"@type\":\"WebSite\",\"@id\":\"https:\/\/identidadalvearense.com.ar\/#website\",\"url\":\"https:\/\/identidadalvearense.com.ar\/\",\"name\":\"Identidad Alvearense\",\"description\":\"Miranos en Youtube, escuchanos en Cadena Cooperativa 98.1\",\"publisher\":{\"@id\":\"https:\/\/identidadalvearense.com.ar\/#organization\"},\"potentialAction\":[{\"@type\":\"SearchAction\",\"target\":{\"@type\":\"EntryPoint\",\"urlTemplate\":\"https:\/\/identidadalvearense.com.ar\/?s={search_term_string}\"},\"query-input\":\"required name=search_term_string\"}],\"inLanguage\":\"es\"},{\"@type\":\"Organization\",\"@id\":\"https:\/\/identidadalvearense.com.ar\/#organization\",\"name\":\"Identidad Alvearense\",\"url\":\"https:\/\/identidadalvearense.com.ar\/\",\"logo\":{\"@type\":\"ImageObject\",\"inLanguage\":\"es\",\"@id\":\"https:\/\/identidadalvearense.com.ar\/#\/schema\/logo\/image\/\",\"url\":\"https:\/\/identidadalvearense.com.ar\/wp-content\/uploads\/cropped-Identidad-Alvearense-Logochico.png\",\"contentUrl\":\"https:\/\/identidadalvearense.com.ar\/wp-content\/uploads\/cropped-Identidad-Alvearense-Logochico.png\",\"width\":300,\"height\":469,\"caption\":\"Identidad Alvearense\"},\"image\":{\"@id\":\"https:\/\/identidadalvearense.com.ar\/#\/schema\/logo\/image\/\"}},{\"@type\":\"Person\",\"@id\":\"https:\/\/identidadalvearense.com.ar\/#\/schema\/person\/5894277f60529507e524116e53df9cac\",\"name\":\"Federico Navarro\",\"sameAs\":[\"https:\/\/identidadalvearense.com.ar\"],\"url\":\"https:\/\/identidadalvearense.com.ar\/?author=2\"}]}<\/script>\n<!-- \/ Yoast SEO plugin. -->","yoast_head_json":{"title":"Con gran convocatoria se corri\u00f3 \u201cLa Carrera de la Bandera\u201d en Alvear Oeste - Identidad Alvearense","robots":{"index":"index","follow":"follow","max-snippet":"max-snippet:-1","max-image-preview":"max-image-preview:large","max-video-preview":"max-video-preview:-1"},"canonical":"https:\/\/identidadalvearense.com.ar\/?p=3838","og_locale":"es_ES","og_type":"article","og_title":"Con gran convocatoria se corri\u00f3 \u201cLa Carrera de la Bandera\u201d en Alvear Oeste - Identidad Alvearense","og_description":"Alvear Oeste vivi\u00f3 una jornada deportiva y festiva en el marco del inicio de las celebraciones por el D\u00eda de la Bandera. Este lunes, el distrito de Alvear Oeste fue escenario de la tradicional prueba atl\u00e9tica \u201cLa Carrera de la Bandera\u201d, la cual dio inicio al campeonato local de atletismo. Con una destacada participaci\u00f3n de &hellip; Con gran convocatoria se corri\u00f3 \u201cLa Carrera de la Bandera\u201d en Alvear Oeste Leer m\u00e1s &raquo;","og_url":"https:\/\/identidadalvearense.com.ar\/?p=3838","og_site_name":"Identidad Alvearense","article_published_time":"2025-06-17T22:37:42+00:00","article_modified_time":"2025-06-17T22:53:53+00:00","og_image":[{"width":2000,"height":1333,"url":"https:\/\/identidadalvearense.com.ar\/wp-content\/uploads\/IMG_6755.jpg","type":"image\/jpeg"}],"author":"Federico Navarro","twitter_card":"summary_large_image","twitter_misc":{"Escrito por":"Federico Navarro","Tiempo de lectura":"3 minutos"},"schema":{"@context":"https:\/\/schema.org","@graph":[{"@type":"Article","@id":"https:\/\/identidadalvearense.com.ar\/?p=3838#article","isPartOf":{"@id":"https:\/\/identidadalvearense.com.ar\/?p=3838"},"author":{"name":"Federico Navarro","@id":"https:\/\/identidadalvearense.com.ar\/#\/schema\/person\/5894277f60529507e524116e53df9cac"},"headline":"Con gran convocatoria se corri\u00f3 \u201cLa Carrera de la Bandera\u201d en Alvear Oeste","datePublished":"2025-06-17T22:37:42+00:00","dateModified":"2025-06-17T22:53:53+00:00","mainEntityOfPage":{"@id":"https:\/\/identidadalvearense.com.ar\/?p=3838"},"wordCount":467,"publisher":{"@id":"https:\/\/identidadalvearense.com.ar\/#organization"},"image":{"@id":"https:\/\/identidadalvearense.com.ar\/?p=3838#primaryimage"},"thumbnailUrl":"https:\/\/identidadalvearense.com.ar\/wp-content\/uploads\/IMG_6755.jpg","articleSection":["Noticias"],"inLanguage":"es"},{"@type":"WebPage","@id":"https:\/\/identidadalvearense.com.ar\/?p=3838","url":"https:\/\/identidadalvearense.com.ar\/?p=3838","name":"Con gran convocatoria se corri\u00f3 \u201cLa Carrera de la Bandera\u201d en Alvear Oeste - Identidad Alvearense","isPartOf":{"@id":"https:\/\/identidadalvearense.com.ar\/#website"},"primaryImageOfPage":{"@id":"https:\/\/identidadalvearense.com.ar\/?p=3838#primaryimage"},"image":{"@id":"https:\/\/identidadalvearense.com.ar\/?p=3838#primaryimage"},"thumbnailUrl":"https:\/\/identidadalvearense.com.ar\/wp-content\/uploads\/IMG_6755.jpg","datePublished":"2025-06-17T22:37:42+00:00","dateModified":"2025-06-17T22:53:53+00:00","breadcrumb":{"@id":"https:\/\/identidadalvearense.com.ar\/?p=3838#breadcrumb"},"inLanguage":"es","potentialAction":[{"@type":"ReadAction","target":["https:\/\/identidadalvearense.com.ar\/?p=3838"]}]},{"@type":"ImageObject","inLanguage":"es","@id":"https:\/\/identidadalvearense.com.ar\/?p=3838#primaryimage","url":"https:\/\/identidadalvearense.com.ar\/wp-content\/uploads\/IMG_6755.jpg","contentUrl":"https:\/\/identidadalvearense.com.ar\/wp-content\/uploads\/IMG_6755.jpg","width":2000,"height":1333},{"@type":"BreadcrumbList","@id":"https:\/\/identidadalvearense.com.ar\/?p=3838#breadcrumb","itemListElement":[{"@type":"ListItem","position":1,"name":"Portada","item":"https:\/\/identidadalvearense.com.ar\/"},{"@type":"ListItem","position":2,"name":"Con gran convocatoria se corri\u00f3 \u201cLa Carrera de la Bandera\u201d en Alvear Oeste"}]},{"@type":"WebSite","@id":"https:\/\/identidadalvearense.com.ar\/#website","url":"https:\/\/identidadalvearense.com.ar\/","name":"Identidad Alvearense","description":"Miranos en Youtube, escuchanos en Cadena Cooperativa 98.1","publisher":{"@id":"https:\/\/identidadalvearense.com.ar\/#organization"},"potentialAction":[{"@type":"SearchAction","target":{"@type":"EntryPoint","urlTemplate":"https:\/\/identidadalvearense.com.ar\/?s={search_term_string}"},"query-input":"required name=search_term_string"}],"inLanguage":"es"},{"@type":"Organization","@id":"https:\/\/identidadalvearense.com.ar\/#organization","name":"Identidad Alvearense","url":"https:\/\/identidadalvearense.com.ar\/","logo":{"@type":"ImageObject","inLanguage":"es","@id":"https:\/\/identidadalvearense.com.ar\/#\/schema\/logo\/image\/","url":"https:\/\/identidadalvearense.com.ar\/wp-content\/uploads\/cropped-Identidad-Alvearense-Logochico.png","contentUrl":"https:\/\/identidadalvearense.com.ar\/wp-content\/uploads\/cropped-Identidad-Alvearense-Logochico.png","width":300,"height":469,"caption":"Identidad Alvearense"},"image":{"@id":"https:\/\/identidadalvearense.com.ar\/#\/schema\/logo\/image\/"}},{"@type":"Person","@id":"https:\/\/identidadalvearense.com.ar\/#\/schema\/person\/5894277f60529507e524116e53df9cac","name":"Federico Navarro","sameAs":["https:\/\/identidadalvearense.com.ar"],"url":"https:\/\/identidadalvearense.com.ar\/?author=2"}]}},"_links":{"self":[{"href":"https:\/\/identidadalvearense.com.ar\/index.php?rest_route=\/wp\/v2\/posts\/3838","targetHints":{"allow":["GET"]}}],"collection":[{"href":"https:\/\/identidadalvearense.com.ar\/index.php?rest_route=\/wp\/v2\/posts"}],"about":[{"href":"https:\/\/identidadalvearense.com.ar\/index.php?rest_route=\/wp\/v2\/types\/post"}],"author":[{"embeddable":true,"href":"https:\/\/identidadalvearense.com.ar\/index.php?rest_route=\/wp\/v2\/users\/2"}],"replies":[{"embeddable":true,"href":"https:\/\/identidadalvearense.com.ar\/index.php?rest_route=%2Fwp%2Fv2%2Fcomments&post=3838"}],"version-history":[{"count":3,"href":"https:\/\/identidadalvearense.com.ar\/index.php?rest_route=\/wp\/v2\/posts\/3838\/revisions"}],"predecessor-version":[{"id":3842,"href":"https:\/\/identidadalvearense.com.ar\/index.php?rest_route=\/wp\/v2\/posts\/3838\/revisions\/3842"}],"wp:featuredmedia":[{"embeddable":true,"href":"https:\/\/identidadalvearense.com.ar\/index.php?rest_route=\/wp\/v2\/media\/3839"}],"wp:attachment":[{"href":"https:\/\/identidadalvearense.com.ar\/index.php?rest_route=%2Fwp%2Fv2%2Fmedia&parent=3838"}],"wp:term":[{"taxonomy":"category","embeddable":true,"href":"https:\/\/identidadalvearense.com.ar\/index.php?rest_route=%2Fwp%2Fv2%2Fcategories&post=3838"},{"taxonomy":"post_tag","embeddable":true,"href":"https:\/\/identidadalvearense.com.ar\/index.php?rest_route=%2Fwp%2Fv2%2Ftags&post=3838"}],"curies":[{"name":"wp","href":"https:\/\/api.w.org\/{rel}","templated":true}]}}