{"id":3844,"date":"2025-06-23T16:41:49","date_gmt":"2025-06-23T19:41:49","guid":{"rendered":"https:\/\/identidadalvearense.com.ar\/?p=3844"},"modified":"2025-06-23T16:41:49","modified_gmt":"2025-06-23T19:41:49","slug":"nueva-edicion-de-alvear-baila","status":"publish","type":"post","link":"https:\/\/identidadalvearense.com.ar\/?p=3844","title":{"rendered":"Nueva edici\u00f3n de \u00abAlvear Baila\u00bb"},"content":{"rendered":"<p>Este fin de semana se vivi\u00f3 una nueva edici\u00f3n de Alvear Baila, una propuesta impulsada por el Municipio de General Alvear que recorre distintas plazas del departamento con clases abiertas y gratuitas de baile y aer\u00f3bica.<br \/>\nFlorencia Montecino, encargada del programa, explic\u00f3 que el objetivo es acercar el ritmo y el movimiento a toda la comunidad, promoviendo la actividad f\u00edsica y la expresi\u00f3n art\u00edstica:<br \/>\n\u201cHacemos clases gratuitas en las diferentes plazas del departamento para dar a conocer lo que se ense\u00f1a durante todo el a\u00f1o\u201d, detall\u00f3.<br \/>\nClases semanales en el Polideportivo<br \/>\nDurante el a\u00f1o, las clases regulares se dictan en el Polideportivo de Ciudad, los lunes y mi\u00e9rcoles a las 14 horas.<br \/>\nPara inscribirse, las personas interesadas deben acercarse a la direcci\u00f3n del Polideportivo, de 8 a 13 horas y de 16 a 19 horas. Solo se requiere una fotocopia del DNI y completar una ficha de inscripci\u00f3n para obtener el carnet.<br \/>\nMontecino destac\u00f3 que el programa tambi\u00e9n se desarrolla en los distritos, gracias al trabajo coordinado de varias profesoras:<br \/>\n\u201cToda la informaci\u00f3n se puede consultar en el Poli. Pueden elegir la sede m\u00e1s cercana a su domicilio y sumarse cuando quieran. Las clases son gratuitas y se puede hacer una clase de prueba sin compromiso\u201d.<br \/>\nEvento regional en agosto<br \/>\nAdem\u00e1s, Montecino anunci\u00f3 una importante actividad: el pr\u00f3ximo 23 de agosto se realizar\u00e1 una Regional de Ritmos y Tendencias, donde participar\u00e1n diversas academias de danza, tanto del \u00e1mbito p\u00fablico como privado. Tambi\u00e9n se presentar\u00e1 el grupo de aer\u00f3bica del Polideportivo.<br \/>\n\u201cEst\u00e1n invitados todos los profesores de danza y sus alumnas. Es una oportunidad para presentarse, vivir la experiencia de un selectivo y, en algunos casos, clasificar a instancias superiores\u201d, agreg\u00f3.<\/p>\n<p>Pr\u00f3xima parada: Bowen<\/p>\n<p>La pr\u00f3xima edici\u00f3n de \u00abAlvear Baila\u00bb ser\u00e1 en Bowen, antes del receso invernal. Si bien la fecha exacta se confirmar\u00e1 en los pr\u00f3ximos d\u00edas, se aclar\u00f3 que la actividad solo se suspender\u00e1 en caso de lluvia.<br \/>\nDesde la organizaci\u00f3n invitan a toda la comunidad a sumarse a esta propuesta que combina salud, arte y recreaci\u00f3n de forma accesible y cercana.<\/p>\n","protected":false},"excerpt":{"rendered":"<p>Este fin de semana se vivi\u00f3 una nueva edici\u00f3n de Alvear Baila, una propuesta impulsada por el Municipio de General Alvear que recorre distintas plazas del departamento con clases abiertas y gratuitas de baile y aer\u00f3bica. Florencia Montecino, encargada del programa, explic\u00f3 que el objetivo es acercar el ritmo y el movimiento a toda la &hellip;<\/p>\n<p class=\"read-more\"> <a class=\"\" href=\"https:\/\/identidadalvearense.com.ar\/?p=3844\"> <span class=\"screen-reader-text\">Nueva edici\u00f3n de \u00abAlvear Baila\u00bb<\/span> Leer m\u00e1s &raquo;<\/a><\/p>\n","protected":false},"author":2,"featured_media":3845,"comment_status":"closed","ping_status":"closed","sticky":false,"template":"","format":"standard","meta":{"site-sidebar-layout":"default","site-content-layout":"default","ast-main-header-display":"","ast-hfb-above-header-display":"","ast-hfb-below-header-display":"","ast-hfb-mobile-header-display":"","site-post-title":"","ast-breadcrumbs-content":"","ast-featured-img":"","footer-sml-layout":"","theme-transparent-header-meta":"default","adv-header-id-meta":"","stick-header-meta":"","header-above-stick-meta":"","header-main-stick-meta":"","header-below-stick-meta":"","footnotes":""},"categories":[21],"tags":[],"class_list":["post-3844","post","type-post","status-publish","format-standard","has-post-thumbnail","hentry","category-actualidad"],"yoast_head":"<!-- This site is optimized with the Yoast SEO plugin v23.3 - https:\/\/yoast.com\/wordpress\/plugins\/seo\/ -->\n<title>Nueva edici\u00f3n de &quot;Alvear Baila&quot; - Identidad Alvearense<\/title>\n<meta name=\"robots\" content=\"index, follow, max-snippet:-1, max-image-preview:large, max-video-preview:-1\" \/>\n<link rel=\"canonical\" href=\"https:\/\/identidadalvearense.com.ar\/?p=3844\" \/>\n<meta property=\"og:locale\" content=\"es_ES\" \/>\n<meta property=\"og:type\" content=\"article\" \/>\n<meta property=\"og:title\" content=\"Nueva edici\u00f3n de &quot;Alvear Baila&quot; - Identidad Alvearense\" \/>\n<meta property=\"og:description\" content=\"Este fin de semana se vivi\u00f3 una nueva edici\u00f3n de Alvear Baila, una propuesta impulsada por el Municipio de General Alvear que recorre distintas plazas del departamento con clases abiertas y gratuitas de baile y aer\u00f3bica. Florencia Montecino, encargada del programa, explic\u00f3 que el objetivo es acercar el ritmo y el movimiento a toda la &hellip; Nueva edici\u00f3n de \u00abAlvear Baila\u00bb Leer m\u00e1s &raquo;\" \/>\n<meta property=\"og:url\" content=\"https:\/\/identidadalvearense.com.ar\/?p=3844\" \/>\n<meta property=\"og:site_name\" content=\"Identidad Alvearense\" \/>\n<meta property=\"article:published_time\" content=\"2025-06-23T19:41:49+00:00\" \/>\n<meta property=\"og:image\" content=\"https:\/\/identidadalvearense.com.ar\/wp-content\/uploads\/WhatsApp-Image-2025-06-23-at-10.28.14.jpeg\" \/>\n\t<meta property=\"og:image:width\" content=\"1600\" \/>\n\t<meta property=\"og:image:height\" content=\"1068\" \/>\n\t<meta property=\"og:image:type\" content=\"image\/jpeg\" \/>\n<meta name=\"author\" content=\"Federico Navarro\" \/>\n<meta name=\"twitter:card\" content=\"summary_large_image\" \/>\n<meta name=\"twitter:label1\" content=\"Escrito por\" \/>\n\t<meta name=\"twitter:data1\" content=\"Federico Navarro\" \/>\n\t<meta name=\"twitter:label2\" content=\"Tiempo de lectura\" \/>\n\t<meta name=\"twitter:data2\" content=\"2 minutos\" \/>\n<script type=\"application\/ld+json\" class=\"yoast-schema-graph\">{\"@context\":\"https:\/\/schema.org\",\"@graph\":[{\"@type\":\"Article\",\"@id\":\"https:\/\/identidadalvearense.com.ar\/?p=3844#article\",\"isPartOf\":{\"@id\":\"https:\/\/identidadalvearense.com.ar\/?p=3844\"},\"author\":{\"name\":\"Federico Navarro\",\"@id\":\"https:\/\/identidadalvearense.com.ar\/#\/schema\/person\/5894277f60529507e524116e53df9cac\"},\"headline\":\"Nueva edici\u00f3n de \u00abAlvear Baila\u00bb\",\"datePublished\":\"2025-06-23T19:41:49+00:00\",\"dateModified\":\"2025-06-23T19:41:49+00:00\",\"mainEntityOfPage\":{\"@id\":\"https:\/\/identidadalvearense.com.ar\/?p=3844\"},\"wordCount\":371,\"publisher\":{\"@id\":\"https:\/\/identidadalvearense.com.ar\/#organization\"},\"image\":{\"@id\":\"https:\/\/identidadalvearense.com.ar\/?p=3844#primaryimage\"},\"thumbnailUrl\":\"https:\/\/identidadalvearense.com.ar\/wp-content\/uploads\/WhatsApp-Image-2025-06-23-at-10.28.14.jpeg\",\"articleSection\":[\"Actualidad\"],\"inLanguage\":\"es\"},{\"@type\":\"WebPage\",\"@id\":\"https:\/\/identidadalvearense.com.ar\/?p=3844\",\"url\":\"https:\/\/identidadalvearense.com.ar\/?p=3844\",\"name\":\"Nueva edici\u00f3n de \\\"Alvear Baila\\\" - Identidad Alvearense\",\"isPartOf\":{\"@id\":\"https:\/\/identidadalvearense.com.ar\/#website\"},\"primaryImageOfPage\":{\"@id\":\"https:\/\/identidadalvearense.com.ar\/?p=3844#primaryimage\"},\"image\":{\"@id\":\"https:\/\/identidadalvearense.com.ar\/?p=3844#primaryimage\"},\"thumbnailUrl\":\"https:\/\/identidadalvearense.com.ar\/wp-content\/uploads\/WhatsApp-Image-2025-06-23-at-10.28.14.jpeg\",\"datePublished\":\"2025-06-23T19:41:49+00:00\",\"dateModified\":\"2025-06-23T19:41:49+00:00\",\"breadcrumb\":{\"@id\":\"https:\/\/identidadalvearense.com.ar\/?p=3844#breadcrumb\"},\"inLanguage\":\"es\",\"potentialAction\":[{\"@type\":\"ReadAction\",\"target\":[\"https:\/\/identidadalvearense.com.ar\/?p=3844\"]}]},{\"@type\":\"ImageObject\",\"inLanguage\":\"es\",\"@id\":\"https:\/\/identidadalvearense.com.ar\/?p=3844#primaryimage\",\"url\":\"https:\/\/identidadalvearense.com.ar\/wp-content\/uploads\/WhatsApp-Image-2025-06-23-at-10.28.14.jpeg\",\"contentUrl\":\"https:\/\/identidadalvearense.com.ar\/wp-content\/uploads\/WhatsApp-Image-2025-06-23-at-10.28.14.jpeg\",\"width\":1600,\"height\":1068},{\"@type\":\"BreadcrumbList\",\"@id\":\"https:\/\/identidadalvearense.com.ar\/?p=3844#breadcrumb\",\"itemListElement\":[{\"@type\":\"ListItem\",\"position\":1,\"name\":\"Portada\",\"item\":\"https:\/\/identidadalvearense.com.ar\/\"},{\"@type\":\"ListItem\",\"position\":2,\"name\":\"Nueva edici\u00f3n de \u00abAlvear Baila\u00bb\"}]},{\"@type\":\"WebSite\",\"@id\":\"https:\/\/identidadalvearense.com.ar\/#website\",\"url\":\"https:\/\/identidadalvearense.com.ar\/\",\"name\":\"Identidad Alvearense\",\"description\":\"Miranos en Youtube, escuchanos en Cadena Cooperativa 98.1\",\"publisher\":{\"@id\":\"https:\/\/identidadalvearense.com.ar\/#organization\"},\"potentialAction\":[{\"@type\":\"SearchAction\",\"target\":{\"@type\":\"EntryPoint\",\"urlTemplate\":\"https:\/\/identidadalvearense.com.ar\/?s={search_term_string}\"},\"query-input\":\"required name=search_term_string\"}],\"inLanguage\":\"es\"},{\"@type\":\"Organization\",\"@id\":\"https:\/\/identidadalvearense.com.ar\/#organization\",\"name\":\"Identidad Alvearense\",\"url\":\"https:\/\/identidadalvearense.com.ar\/\",\"logo\":{\"@type\":\"ImageObject\",\"inLanguage\":\"es\",\"@id\":\"https:\/\/identidadalvearense.com.ar\/#\/schema\/logo\/image\/\",\"url\":\"https:\/\/identidadalvearense.com.ar\/wp-content\/uploads\/cropped-Identidad-Alvearense-Logochico.png\",\"contentUrl\":\"https:\/\/identidadalvearense.com.ar\/wp-content\/uploads\/cropped-Identidad-Alvearense-Logochico.png\",\"width\":300,\"height\":469,\"caption\":\"Identidad Alvearense\"},\"image\":{\"@id\":\"https:\/\/identidadalvearense.com.ar\/#\/schema\/logo\/image\/\"}},{\"@type\":\"Person\",\"@id\":\"https:\/\/identidadalvearense.com.ar\/#\/schema\/person\/5894277f60529507e524116e53df9cac\",\"name\":\"Federico Navarro\",\"sameAs\":[\"https:\/\/identidadalvearense.com.ar\"],\"url\":\"https:\/\/identidadalvearense.com.ar\/?author=2\"}]}<\/script>\n<!-- \/ Yoast SEO plugin. -->","yoast_head_json":{"title":"Nueva edici\u00f3n de \"Alvear Baila\" - Identidad Alvearense","robots":{"index":"index","follow":"follow","max-snippet":"max-snippet:-1","max-image-preview":"max-image-preview:large","max-video-preview":"max-video-preview:-1"},"canonical":"https:\/\/identidadalvearense.com.ar\/?p=3844","og_locale":"es_ES","og_type":"article","og_title":"Nueva edici\u00f3n de \"Alvear Baila\" - Identidad Alvearense","og_description":"Este fin de semana se vivi\u00f3 una nueva edici\u00f3n de Alvear Baila, una propuesta impulsada por el Municipio de General Alvear que recorre distintas plazas del departamento con clases abiertas y gratuitas de baile y aer\u00f3bica. Florencia Montecino, encargada del programa, explic\u00f3 que el objetivo es acercar el ritmo y el movimiento a toda la &hellip; Nueva edici\u00f3n de \u00abAlvear Baila\u00bb Leer m\u00e1s &raquo;","og_url":"https:\/\/identidadalvearense.com.ar\/?p=3844","og_site_name":"Identidad Alvearense","article_published_time":"2025-06-23T19:41:49+00:00","og_image":[{"width":1600,"height":1068,"url":"https:\/\/identidadalvearense.com.ar\/wp-content\/uploads\/WhatsApp-Image-2025-06-23-at-10.28.14.jpeg","type":"image\/jpeg"}],"author":"Federico Navarro","twitter_card":"summary_large_image","twitter_misc":{"Escrito por":"Federico Navarro","Tiempo de lectura":"2 minutos"},"schema":{"@context":"https:\/\/schema.org","@graph":[{"@type":"Article","@id":"https:\/\/identidadalvearense.com.ar\/?p=3844#article","isPartOf":{"@id":"https:\/\/identidadalvearense.com.ar\/?p=3844"},"author":{"name":"Federico Navarro","@id":"https:\/\/identidadalvearense.com.ar\/#\/schema\/person\/5894277f60529507e524116e53df9cac"},"headline":"Nueva edici\u00f3n de \u00abAlvear Baila\u00bb","datePublished":"2025-06-23T19:41:49+00:00","dateModified":"2025-06-23T19:41:49+00:00","mainEntityOfPage":{"@id":"https:\/\/identidadalvearense.com.ar\/?p=3844"},"wordCount":371,"publisher":{"@id":"https:\/\/identidadalvearense.com.ar\/#organization"},"image":{"@id":"https:\/\/identidadalvearense.com.ar\/?p=3844#primaryimage"},"thumbnailUrl":"https:\/\/identidadalvearense.com.ar\/wp-content\/uploads\/WhatsApp-Image-2025-06-23-at-10.28.14.jpeg","articleSection":["Actualidad"],"inLanguage":"es"},{"@type":"WebPage","@id":"https:\/\/identidadalvearense.com.ar\/?p=3844","url":"https:\/\/identidadalvearense.com.ar\/?p=3844","name":"Nueva edici\u00f3n de \"Alvear Baila\" - Identidad Alvearense","isPartOf":{"@id":"https:\/\/identidadalvearense.com.ar\/#website"},"primaryImageOfPage":{"@id":"https:\/\/identidadalvearense.com.ar\/?p=3844#primaryimage"},"image":{"@id":"https:\/\/identidadalvearense.com.ar\/?p=3844#primaryimage"},"thumbnailUrl":"https:\/\/identidadalvearense.com.ar\/wp-content\/uploads\/WhatsApp-Image-2025-06-23-at-10.28.14.jpeg","datePublished":"2025-06-23T19:41:49+00:00","dateModified":"2025-06-23T19:41:49+00:00","breadcrumb":{"@id":"https:\/\/identidadalvearense.com.ar\/?p=3844#breadcrumb"},"inLanguage":"es","potentialAction":[{"@type":"ReadAction","target":["https:\/\/identidadalvearense.com.ar\/?p=3844"]}]},{"@type":"ImageObject","inLanguage":"es","@id":"https:\/\/identidadalvearense.com.ar\/?p=3844#primaryimage","url":"https:\/\/identidadalvearense.com.ar\/wp-content\/uploads\/WhatsApp-Image-2025-06-23-at-10.28.14.jpeg","contentUrl":"https:\/\/identidadalvearense.com.ar\/wp-content\/uploads\/WhatsApp-Image-2025-06-23-at-10.28.14.jpeg","width":1600,"height":1068},{"@type":"BreadcrumbList","@id":"https:\/\/identidadalvearense.com.ar\/?p=3844#breadcrumb","itemListElement":[{"@type":"ListItem","position":1,"name":"Portada","item":"https:\/\/identidadalvearense.com.ar\/"},{"@type":"ListItem","position":2,"name":"Nueva edici\u00f3n de \u00abAlvear Baila\u00bb"}]},{"@type":"WebSite","@id":"https:\/\/identidadalvearense.com.ar\/#website","url":"https:\/\/identidadalvearense.com.ar\/","name":"Identidad Alvearense","description":"Miranos en Youtube, escuchanos en Cadena Cooperativa 98.1","publisher":{"@id":"https:\/\/identidadalvearense.com.ar\/#organization"},"potentialAction":[{"@type":"SearchAction","target":{"@type":"EntryPoint","urlTemplate":"https:\/\/identidadalvearense.com.ar\/?s={search_term_string}"},"query-input":"required name=search_term_string"}],"inLanguage":"es"},{"@type":"Organization","@id":"https:\/\/identidadalvearense.com.ar\/#organization","name":"Identidad Alvearense","url":"https:\/\/identidadalvearense.com.ar\/","logo":{"@type":"ImageObject","inLanguage":"es","@id":"https:\/\/identidadalvearense.com.ar\/#\/schema\/logo\/image\/","url":"https:\/\/identidadalvearense.com.ar\/wp-content\/uploads\/cropped-Identidad-Alvearense-Logochico.png","contentUrl":"https:\/\/identidadalvearense.com.ar\/wp-content\/uploads\/cropped-Identidad-Alvearense-Logochico.png","width":300,"height":469,"caption":"Identidad Alvearense"},"image":{"@id":"https:\/\/identidadalvearense.com.ar\/#\/schema\/logo\/image\/"}},{"@type":"Person","@id":"https:\/\/identidadalvearense.com.ar\/#\/schema\/person\/5894277f60529507e524116e53df9cac","name":"Federico Navarro","sameAs":["https:\/\/identidadalvearense.com.ar"],"url":"https:\/\/identidadalvearense.com.ar\/?author=2"}]}},"_links":{"self":[{"href":"https:\/\/identidadalvearense.com.ar\/index.php?rest_route=\/wp\/v2\/posts\/3844","targetHints":{"allow":["GET"]}}],"collection":[{"href":"https:\/\/identidadalvearense.com.ar\/index.php?rest_route=\/wp\/v2\/posts"}],"about":[{"href":"https:\/\/identidadalvearense.com.ar\/index.php?rest_route=\/wp\/v2\/types\/post"}],"author":[{"embeddable":true,"href":"https:\/\/identidadalvearense.com.ar\/index.php?rest_route=\/wp\/v2\/users\/2"}],"replies":[{"embeddable":true,"href":"https:\/\/identidadalvearense.com.ar\/index.php?rest_route=%2Fwp%2Fv2%2Fcomments&post=3844"}],"version-history":[{"count":1,"href":"https:\/\/identidadalvearense.com.ar\/index.php?rest_route=\/wp\/v2\/posts\/3844\/revisions"}],"predecessor-version":[{"id":3846,"href":"https:\/\/identidadalvearense.com.ar\/index.php?rest_route=\/wp\/v2\/posts\/3844\/revisions\/3846"}],"wp:featuredmedia":[{"embeddable":true,"href":"https:\/\/identidadalvearense.com.ar\/index.php?rest_route=\/wp\/v2\/media\/3845"}],"wp:attachment":[{"href":"https:\/\/identidadalvearense.com.ar\/index.php?rest_route=%2Fwp%2Fv2%2Fmedia&parent=3844"}],"wp:term":[{"taxonomy":"category","embeddable":true,"href":"https:\/\/identidadalvearense.com.ar\/index.php?rest_route=%2Fwp%2Fv2%2Fcategories&post=3844"},{"taxonomy":"post_tag","embeddable":true,"href":"https:\/\/identidadalvearense.com.ar\/index.php?rest_route=%2Fwp%2Fv2%2Ftags&post=3844"}],"curies":[{"name":"wp","href":"https:\/\/api.w.org\/{rel}","templated":true}]}}