{"id":3847,"date":"2025-06-23T16:50:52","date_gmt":"2025-06-23T19:50:52","guid":{"rendered":"https:\/\/identidadalvearense.com.ar\/?p=3847"},"modified":"2025-06-23T16:50:52","modified_gmt":"2025-06-23T19:50:52","slug":"avanzan-las-obras-en-las-rutas-153-y-171","status":"publish","type":"post","link":"https:\/\/identidadalvearense.com.ar\/?p=3847","title":{"rendered":"Avanzan las obras en las rutas 153 y 171"},"content":{"rendered":"<p>Ya se instal\u00f3 la planta de asfalto en \u00d1acu\u00f1\u00e1n y el lunes comienzan tareas de magnitud en Monte Com\u00e1n. La velocidad m\u00e1xima permitida es de 60 kil\u00f3metros por hora<br \/>\nCon trabajos de bacheo y bacheo mecanizado, ensanche y nivelaci\u00f3n de banquina y limpieza, avanzan las obras previas a la repavimentaci\u00f3n de las rutas provinciales 153 y 171, que unen las localidades de Las Catitas (Santa Rosa) con Monte Coman (San Rafael) y esta \u00faltima con Real del Padre (San Rafael).<br \/>\nAdem\u00e1s, la firma contratista ya instal\u00f3 sobre la RP 153 la planta de asfalto que comenzar\u00e1 a operar en el mediano plazo, mientras que el lunes 23 de junio se comienza con las obras de reclamado de la RP 171, en un tramo de 1 kil\u00f3metro y en media calzada, desde la calle Mar del Plata de Monte Com\u00e1n hacia el sur.<br \/>\nEl reclamado consiste en triturar el viejo asfalto que no sirve como est\u00e1 por su gran deterioro y reutilizarlo, ya molido, como una base fuerte de la nueva carpeta asf\u00e1ltica que se colocar\u00e1 en el futuro. Este proceso de reclamado se aplicar\u00e1 en toda la extensi\u00f3n de la RP 171.<br \/>\nAs\u00ed, un total de 180 kil\u00f3metros del corredor log\u00edstico, comercial y productivo Este-Sur, que conforman las RP 153 y 17, quedar\u00e1n completamente renovados, gracias a la financiaci\u00f3n prevista con el Fondo del Resarcimiento de la Promoci\u00f3n Industrial.<br \/>\nVelocidad m\u00e1xima permitida<br \/>\nMientras tanto, las obras, ya permanentes sobre distintos tramos de la calzada de ambas rutas, con la presencia de operarios y equipos, como tambi\u00e9n el gran deterioro que presenta el camino a\u00fan con las intervenciones de bacheo, imponen a los conductores que la transitan m\u00e1xima precauci\u00f3n y un l\u00edmite de velocidad al volante.<\/p>\n<p>La velocidad m\u00e1xima permitida en todo el tramo por el estado de las rutas y las obras que se ejecutan es de 60 kil\u00f3metros por hora, y de 40 kil\u00f3metros por hora en los sectores donde se est\u00e9n haciendo obras, para preservar la seguridad de los conductores y tambi\u00e9n de los operarios.<br \/>\nLa renovaci\u00f3n de las RP 153 y 171 demandar\u00e1 entre ocho meses y un a\u00f1o. La primera etapa de la RP 153, entre Las Catitas y \u00d1acu\u00f1\u00e1n, tiene un plazo de 12 meses. La segunda etapa de la misma ruta, entre \u00d1acu\u00f1\u00e1n y Monte Com\u00e1n, prev\u00e9 un plazo de 10 meses, y para los 36 kil\u00f3metros de la RP 171 desde Monte Com\u00e1n hasta Real del Padre hay previsto un plazo de ejecuci\u00f3n de 8 meses.<\/p>\n","protected":false},"excerpt":{"rendered":"<p>Ya se instal\u00f3 la planta de asfalto en \u00d1acu\u00f1\u00e1n y el lunes comienzan tareas de magnitud en Monte Com\u00e1n. La velocidad m\u00e1xima permitida es de 60 kil\u00f3metros por hora Con trabajos de bacheo y bacheo mecanizado, ensanche y nivelaci\u00f3n de banquina y limpieza, avanzan las obras previas a la repavimentaci\u00f3n de las rutas provinciales 153 &hellip;<\/p>\n<p class=\"read-more\"> <a class=\"\" href=\"https:\/\/identidadalvearense.com.ar\/?p=3847\"> <span class=\"screen-reader-text\">Avanzan las obras en las rutas 153 y 171<\/span> Leer m\u00e1s &raquo;<\/a><\/p>\n","protected":false},"author":2,"featured_media":3848,"comment_status":"closed","ping_status":"closed","sticky":false,"template":"","format":"standard","meta":{"site-sidebar-layout":"default","site-content-layout":"default","ast-main-header-display":"","ast-hfb-above-header-display":"","ast-hfb-below-header-display":"","ast-hfb-mobile-header-display":"","site-post-title":"","ast-breadcrumbs-content":"","ast-featured-img":"","footer-sml-layout":"","theme-transparent-header-meta":"default","adv-header-id-meta":"","stick-header-meta":"","header-above-stick-meta":"","header-main-stick-meta":"","header-below-stick-meta":"","footnotes":""},"categories":[21],"tags":[],"class_list":["post-3847","post","type-post","status-publish","format-standard","has-post-thumbnail","hentry","category-actualidad"],"yoast_head":"<!-- This site is optimized with the Yoast SEO plugin v23.3 - https:\/\/yoast.com\/wordpress\/plugins\/seo\/ -->\n<title>Avanzan las obras en las rutas 153 y 171 - Identidad Alvearense<\/title>\n<meta name=\"robots\" content=\"index, follow, max-snippet:-1, max-image-preview:large, max-video-preview:-1\" \/>\n<link rel=\"canonical\" href=\"https:\/\/identidadalvearense.com.ar\/?p=3847\" \/>\n<meta property=\"og:locale\" content=\"es_ES\" \/>\n<meta property=\"og:type\" content=\"article\" \/>\n<meta property=\"og:title\" content=\"Avanzan las obras en las rutas 153 y 171 - Identidad Alvearense\" \/>\n<meta property=\"og:description\" content=\"Ya se instal\u00f3 la planta de asfalto en \u00d1acu\u00f1\u00e1n y el lunes comienzan tareas de magnitud en Monte Com\u00e1n. La velocidad m\u00e1xima permitida es de 60 kil\u00f3metros por hora Con trabajos de bacheo y bacheo mecanizado, ensanche y nivelaci\u00f3n de banquina y limpieza, avanzan las obras previas a la repavimentaci\u00f3n de las rutas provinciales 153 &hellip; Avanzan las obras en las rutas 153 y 171 Leer m\u00e1s &raquo;\" \/>\n<meta property=\"og:url\" content=\"https:\/\/identidadalvearense.com.ar\/?p=3847\" \/>\n<meta property=\"og:site_name\" content=\"Identidad Alvearense\" \/>\n<meta property=\"article:published_time\" content=\"2025-06-23T19:50:52+00:00\" \/>\n<meta property=\"og:image\" content=\"https:\/\/identidadalvearense.com.ar\/wp-content\/uploads\/WhatsApp-Image-2025-06-20-at-09.40.23.jpeg\" \/>\n\t<meta property=\"og:image:width\" content=\"1600\" \/>\n\t<meta property=\"og:image:height\" content=\"900\" \/>\n\t<meta property=\"og:image:type\" content=\"image\/jpeg\" \/>\n<meta name=\"author\" content=\"Federico Navarro\" \/>\n<meta name=\"twitter:card\" content=\"summary_large_image\" \/>\n<meta name=\"twitter:label1\" content=\"Escrito por\" \/>\n\t<meta name=\"twitter:data1\" content=\"Federico Navarro\" \/>\n\t<meta name=\"twitter:label2\" content=\"Tiempo de lectura\" \/>\n\t<meta name=\"twitter:data2\" content=\"2 minutos\" \/>\n<script type=\"application\/ld+json\" class=\"yoast-schema-graph\">{\"@context\":\"https:\/\/schema.org\",\"@graph\":[{\"@type\":\"Article\",\"@id\":\"https:\/\/identidadalvearense.com.ar\/?p=3847#article\",\"isPartOf\":{\"@id\":\"https:\/\/identidadalvearense.com.ar\/?p=3847\"},\"author\":{\"name\":\"Federico Navarro\",\"@id\":\"https:\/\/identidadalvearense.com.ar\/#\/schema\/person\/5894277f60529507e524116e53df9cac\"},\"headline\":\"Avanzan las obras en las rutas 153 y 171\",\"datePublished\":\"2025-06-23T19:50:52+00:00\",\"dateModified\":\"2025-06-23T19:50:52+00:00\",\"mainEntityOfPage\":{\"@id\":\"https:\/\/identidadalvearense.com.ar\/?p=3847\"},\"wordCount\":434,\"publisher\":{\"@id\":\"https:\/\/identidadalvearense.com.ar\/#organization\"},\"image\":{\"@id\":\"https:\/\/identidadalvearense.com.ar\/?p=3847#primaryimage\"},\"thumbnailUrl\":\"https:\/\/identidadalvearense.com.ar\/wp-content\/uploads\/WhatsApp-Image-2025-06-20-at-09.40.23.jpeg\",\"articleSection\":[\"Actualidad\"],\"inLanguage\":\"es\"},{\"@type\":\"WebPage\",\"@id\":\"https:\/\/identidadalvearense.com.ar\/?p=3847\",\"url\":\"https:\/\/identidadalvearense.com.ar\/?p=3847\",\"name\":\"Avanzan las obras en las rutas 153 y 171 - Identidad Alvearense\",\"isPartOf\":{\"@id\":\"https:\/\/identidadalvearense.com.ar\/#website\"},\"primaryImageOfPage\":{\"@id\":\"https:\/\/identidadalvearense.com.ar\/?p=3847#primaryimage\"},\"image\":{\"@id\":\"https:\/\/identidadalvearense.com.ar\/?p=3847#primaryimage\"},\"thumbnailUrl\":\"https:\/\/identidadalvearense.com.ar\/wp-content\/uploads\/WhatsApp-Image-2025-06-20-at-09.40.23.jpeg\",\"datePublished\":\"2025-06-23T19:50:52+00:00\",\"dateModified\":\"2025-06-23T19:50:52+00:00\",\"breadcrumb\":{\"@id\":\"https:\/\/identidadalvearense.com.ar\/?p=3847#breadcrumb\"},\"inLanguage\":\"es\",\"potentialAction\":[{\"@type\":\"ReadAction\",\"target\":[\"https:\/\/identidadalvearense.com.ar\/?p=3847\"]}]},{\"@type\":\"ImageObject\",\"inLanguage\":\"es\",\"@id\":\"https:\/\/identidadalvearense.com.ar\/?p=3847#primaryimage\",\"url\":\"https:\/\/identidadalvearense.com.ar\/wp-content\/uploads\/WhatsApp-Image-2025-06-20-at-09.40.23.jpeg\",\"contentUrl\":\"https:\/\/identidadalvearense.com.ar\/wp-content\/uploads\/WhatsApp-Image-2025-06-20-at-09.40.23.jpeg\",\"width\":1600,\"height\":900},{\"@type\":\"BreadcrumbList\",\"@id\":\"https:\/\/identidadalvearense.com.ar\/?p=3847#breadcrumb\",\"itemListElement\":[{\"@type\":\"ListItem\",\"position\":1,\"name\":\"Portada\",\"item\":\"https:\/\/identidadalvearense.com.ar\/\"},{\"@type\":\"ListItem\",\"position\":2,\"name\":\"Avanzan las obras en las rutas 153 y 171\"}]},{\"@type\":\"WebSite\",\"@id\":\"https:\/\/identidadalvearense.com.ar\/#website\",\"url\":\"https:\/\/identidadalvearense.com.ar\/\",\"name\":\"Identidad Alvearense\",\"description\":\"Miranos en Youtube, escuchanos en Cadena Cooperativa 98.1\",\"publisher\":{\"@id\":\"https:\/\/identidadalvearense.com.ar\/#organization\"},\"potentialAction\":[{\"@type\":\"SearchAction\",\"target\":{\"@type\":\"EntryPoint\",\"urlTemplate\":\"https:\/\/identidadalvearense.com.ar\/?s={search_term_string}\"},\"query-input\":\"required name=search_term_string\"}],\"inLanguage\":\"es\"},{\"@type\":\"Organization\",\"@id\":\"https:\/\/identidadalvearense.com.ar\/#organization\",\"name\":\"Identidad Alvearense\",\"url\":\"https:\/\/identidadalvearense.com.ar\/\",\"logo\":{\"@type\":\"ImageObject\",\"inLanguage\":\"es\",\"@id\":\"https:\/\/identidadalvearense.com.ar\/#\/schema\/logo\/image\/\",\"url\":\"https:\/\/identidadalvearense.com.ar\/wp-content\/uploads\/cropped-Identidad-Alvearense-Logochico.png\",\"contentUrl\":\"https:\/\/identidadalvearense.com.ar\/wp-content\/uploads\/cropped-Identidad-Alvearense-Logochico.png\",\"width\":300,\"height\":469,\"caption\":\"Identidad Alvearense\"},\"image\":{\"@id\":\"https:\/\/identidadalvearense.com.ar\/#\/schema\/logo\/image\/\"}},{\"@type\":\"Person\",\"@id\":\"https:\/\/identidadalvearense.com.ar\/#\/schema\/person\/5894277f60529507e524116e53df9cac\",\"name\":\"Federico Navarro\",\"sameAs\":[\"https:\/\/identidadalvearense.com.ar\"],\"url\":\"https:\/\/identidadalvearense.com.ar\/?author=2\"}]}<\/script>\n<!-- \/ Yoast SEO plugin. -->","yoast_head_json":{"title":"Avanzan las obras en las rutas 153 y 171 - Identidad Alvearense","robots":{"index":"index","follow":"follow","max-snippet":"max-snippet:-1","max-image-preview":"max-image-preview:large","max-video-preview":"max-video-preview:-1"},"canonical":"https:\/\/identidadalvearense.com.ar\/?p=3847","og_locale":"es_ES","og_type":"article","og_title":"Avanzan las obras en las rutas 153 y 171 - Identidad Alvearense","og_description":"Ya se instal\u00f3 la planta de asfalto en \u00d1acu\u00f1\u00e1n y el lunes comienzan tareas de magnitud en Monte Com\u00e1n. La velocidad m\u00e1xima permitida es de 60 kil\u00f3metros por hora Con trabajos de bacheo y bacheo mecanizado, ensanche y nivelaci\u00f3n de banquina y limpieza, avanzan las obras previas a la repavimentaci\u00f3n de las rutas provinciales 153 &hellip; Avanzan las obras en las rutas 153 y 171 Leer m\u00e1s &raquo;","og_url":"https:\/\/identidadalvearense.com.ar\/?p=3847","og_site_name":"Identidad Alvearense","article_published_time":"2025-06-23T19:50:52+00:00","og_image":[{"width":1600,"height":900,"url":"https:\/\/identidadalvearense.com.ar\/wp-content\/uploads\/WhatsApp-Image-2025-06-20-at-09.40.23.jpeg","type":"image\/jpeg"}],"author":"Federico Navarro","twitter_card":"summary_large_image","twitter_misc":{"Escrito por":"Federico Navarro","Tiempo de lectura":"2 minutos"},"schema":{"@context":"https:\/\/schema.org","@graph":[{"@type":"Article","@id":"https:\/\/identidadalvearense.com.ar\/?p=3847#article","isPartOf":{"@id":"https:\/\/identidadalvearense.com.ar\/?p=3847"},"author":{"name":"Federico Navarro","@id":"https:\/\/identidadalvearense.com.ar\/#\/schema\/person\/5894277f60529507e524116e53df9cac"},"headline":"Avanzan las obras en las rutas 153 y 171","datePublished":"2025-06-23T19:50:52+00:00","dateModified":"2025-06-23T19:50:52+00:00","mainEntityOfPage":{"@id":"https:\/\/identidadalvearense.com.ar\/?p=3847"},"wordCount":434,"publisher":{"@id":"https:\/\/identidadalvearense.com.ar\/#organization"},"image":{"@id":"https:\/\/identidadalvearense.com.ar\/?p=3847#primaryimage"},"thumbnailUrl":"https:\/\/identidadalvearense.com.ar\/wp-content\/uploads\/WhatsApp-Image-2025-06-20-at-09.40.23.jpeg","articleSection":["Actualidad"],"inLanguage":"es"},{"@type":"WebPage","@id":"https:\/\/identidadalvearense.com.ar\/?p=3847","url":"https:\/\/identidadalvearense.com.ar\/?p=3847","name":"Avanzan las obras en las rutas 153 y 171 - Identidad Alvearense","isPartOf":{"@id":"https:\/\/identidadalvearense.com.ar\/#website"},"primaryImageOfPage":{"@id":"https:\/\/identidadalvearense.com.ar\/?p=3847#primaryimage"},"image":{"@id":"https:\/\/identidadalvearense.com.ar\/?p=3847#primaryimage"},"thumbnailUrl":"https:\/\/identidadalvearense.com.ar\/wp-content\/uploads\/WhatsApp-Image-2025-06-20-at-09.40.23.jpeg","datePublished":"2025-06-23T19:50:52+00:00","dateModified":"2025-06-23T19:50:52+00:00","breadcrumb":{"@id":"https:\/\/identidadalvearense.com.ar\/?p=3847#breadcrumb"},"inLanguage":"es","potentialAction":[{"@type":"ReadAction","target":["https:\/\/identidadalvearense.com.ar\/?p=3847"]}]},{"@type":"ImageObject","inLanguage":"es","@id":"https:\/\/identidadalvearense.com.ar\/?p=3847#primaryimage","url":"https:\/\/identidadalvearense.com.ar\/wp-content\/uploads\/WhatsApp-Image-2025-06-20-at-09.40.23.jpeg","contentUrl":"https:\/\/identidadalvearense.com.ar\/wp-content\/uploads\/WhatsApp-Image-2025-06-20-at-09.40.23.jpeg","width":1600,"height":900},{"@type":"BreadcrumbList","@id":"https:\/\/identidadalvearense.com.ar\/?p=3847#breadcrumb","itemListElement":[{"@type":"ListItem","position":1,"name":"Portada","item":"https:\/\/identidadalvearense.com.ar\/"},{"@type":"ListItem","position":2,"name":"Avanzan las obras en las rutas 153 y 171"}]},{"@type":"WebSite","@id":"https:\/\/identidadalvearense.com.ar\/#website","url":"https:\/\/identidadalvearense.com.ar\/","name":"Identidad Alvearense","description":"Miranos en Youtube, escuchanos en Cadena Cooperativa 98.1","publisher":{"@id":"https:\/\/identidadalvearense.com.ar\/#organization"},"potentialAction":[{"@type":"SearchAction","target":{"@type":"EntryPoint","urlTemplate":"https:\/\/identidadalvearense.com.ar\/?s={search_term_string}"},"query-input":"required name=search_term_string"}],"inLanguage":"es"},{"@type":"Organization","@id":"https:\/\/identidadalvearense.com.ar\/#organization","name":"Identidad Alvearense","url":"https:\/\/identidadalvearense.com.ar\/","logo":{"@type":"ImageObject","inLanguage":"es","@id":"https:\/\/identidadalvearense.com.ar\/#\/schema\/logo\/image\/","url":"https:\/\/identidadalvearense.com.ar\/wp-content\/uploads\/cropped-Identidad-Alvearense-Logochico.png","contentUrl":"https:\/\/identidadalvearense.com.ar\/wp-content\/uploads\/cropped-Identidad-Alvearense-Logochico.png","width":300,"height":469,"caption":"Identidad Alvearense"},"image":{"@id":"https:\/\/identidadalvearense.com.ar\/#\/schema\/logo\/image\/"}},{"@type":"Person","@id":"https:\/\/identidadalvearense.com.ar\/#\/schema\/person\/5894277f60529507e524116e53df9cac","name":"Federico Navarro","sameAs":["https:\/\/identidadalvearense.com.ar"],"url":"https:\/\/identidadalvearense.com.ar\/?author=2"}]}},"_links":{"self":[{"href":"https:\/\/identidadalvearense.com.ar\/index.php?rest_route=\/wp\/v2\/posts\/3847","targetHints":{"allow":["GET"]}}],"collection":[{"href":"https:\/\/identidadalvearense.com.ar\/index.php?rest_route=\/wp\/v2\/posts"}],"about":[{"href":"https:\/\/identidadalvearense.com.ar\/index.php?rest_route=\/wp\/v2\/types\/post"}],"author":[{"embeddable":true,"href":"https:\/\/identidadalvearense.com.ar\/index.php?rest_route=\/wp\/v2\/users\/2"}],"replies":[{"embeddable":true,"href":"https:\/\/identidadalvearense.com.ar\/index.php?rest_route=%2Fwp%2Fv2%2Fcomments&post=3847"}],"version-history":[{"count":1,"href":"https:\/\/identidadalvearense.com.ar\/index.php?rest_route=\/wp\/v2\/posts\/3847\/revisions"}],"predecessor-version":[{"id":3849,"href":"https:\/\/identidadalvearense.com.ar\/index.php?rest_route=\/wp\/v2\/posts\/3847\/revisions\/3849"}],"wp:featuredmedia":[{"embeddable":true,"href":"https:\/\/identidadalvearense.com.ar\/index.php?rest_route=\/wp\/v2\/media\/3848"}],"wp:attachment":[{"href":"https:\/\/identidadalvearense.com.ar\/index.php?rest_route=%2Fwp%2Fv2%2Fmedia&parent=3847"}],"wp:term":[{"taxonomy":"category","embeddable":true,"href":"https:\/\/identidadalvearense.com.ar\/index.php?rest_route=%2Fwp%2Fv2%2Fcategories&post=3847"},{"taxonomy":"post_tag","embeddable":true,"href":"https:\/\/identidadalvearense.com.ar\/index.php?rest_route=%2Fwp%2Fv2%2Ftags&post=3847"}],"curies":[{"name":"wp","href":"https:\/\/api.w.org\/{rel}","templated":true}]}}