{"id":3856,"date":"2025-06-26T10:07:25","date_gmt":"2025-06-26T13:07:25","guid":{"rendered":"https:\/\/identidadalvearense.com.ar\/?p=3856"},"modified":"2025-06-26T10:07:25","modified_gmt":"2025-06-26T13:07:25","slug":"bowen-renovo-por-completo-la-luminaria-de-su-plaza-distrital-con-tecnologia-led","status":"publish","type":"post","link":"https:\/\/identidadalvearense.com.ar\/?p=3856","title":{"rendered":"Bowen renov\u00f3 por completo la luminaria de su plaza distrital con tecnolog\u00eda LED"},"content":{"rendered":"<p>El distrito de Bowen contin\u00faa avanzando en obras que mejoran la calidad de vida de sus vecinos. En esta ocasi\u00f3n, se concret\u00f3 la renovaci\u00f3n total del sistema de iluminaci\u00f3n de la plaza principal, con la instalaci\u00f3n de 48 luminarias LED que brindan mayor seguridad, eficiencia energ\u00e9tica y una mejor experiencia para quienes disfrutan del espacio p\u00fablico.<br \/>\nEl delegado distrital, Luis Gergeluk, destac\u00f3 la magnitud del trabajo realizado y remarc\u00f3 que se trat\u00f3 de un pedido concreto de los vecinos y del propio intendente municipal. \u201cEs un trabajo intenso, muy esperado por todos los vecinos del distrito. Un pedido que lleg\u00f3 desde el Intendente y que hoy est\u00e1 concretado. Es un reconocimiento de lo que se ha logrado con la renovaci\u00f3n en su totalidad de la luminaria de toda la plaza distrital\u201d, afirm\u00f3.<br \/>\nLa intervenci\u00f3n forma parte de un plan m\u00e1s amplio de renovaci\u00f3n de luminarias en el distrito. En ese sentido, Gergeluk adelant\u00f3 que pr\u00f3ximamente se instalar\u00e1n otras 25 luminarias en el boulevard, complementando la mejora general de la infraestructura urbana de la zona.<br \/>\nAdem\u00e1s de la nueva iluminaci\u00f3n, se realizaron importantes trabajos en el sector de juegos de la plaza, muchos de los cuales no hab\u00edan sido renovados en m\u00e1s de 30 a\u00f1os. \u201cVenimos trabajando desde hace un tiempo en la plaza, con mejoras en todo lo que respecta a juegos, algo tambi\u00e9n muy pedido por los vecinos. Los nuevos juegos han sido muy bien recibidos y, a pesar del fr\u00edo, muchas familias los disfrutan cada d\u00eda\u201d, coment\u00f3 el delegado.<br \/>\nUno de los principales reclamos de la comunidad era la oscuridad en varios sectores de la plaza, lo que generaba inseguridad e incomodidad para quienes concurr\u00edan al espacio durante la noche. Con las nuevas luminarias LED, la plaza cuenta ahora con iluminaci\u00f3n completa, lo que representa una mejora significativa para su uso recreativo, tanto de d\u00eda como de noche.<br \/>\n\u201cHoy la plaza est\u00e1 totalmente iluminada, con una seguridad total para los j\u00f3venes y adultos que quieran disfrutarla\u201d, se\u00f1al\u00f3 Gergeluk. Tambi\u00e9n agradeci\u00f3 especialmente a la cooperativa local y a Horacio Sarsotti por su participaci\u00f3n activa en el proyecto: \u201cLa cooperativa fue fundamental en este cambio. Agradezco a Horacio Sarsotti por colaborar y participar en este pedido. Muy agradecido con la cooperativa, y esperamos seguir trabajando en conjunto\u201d.<br \/>\nLa obra forma parte del compromiso de la gesti\u00f3n municipal de fortalecer los espacios p\u00fablicos, mejorar la seguridad y promover entornos m\u00e1s accesibles y sostenibles para toda la comunidad.<\/p>\n","protected":false},"excerpt":{"rendered":"<p>El distrito de Bowen contin\u00faa avanzando en obras que mejoran la calidad de vida de sus vecinos. En esta ocasi\u00f3n, se concret\u00f3 la renovaci\u00f3n total del sistema de iluminaci\u00f3n de la plaza principal, con la instalaci\u00f3n de 48 luminarias LED que brindan mayor seguridad, eficiencia energ\u00e9tica y una mejor experiencia para quienes disfrutan del espacio &hellip;<\/p>\n<p class=\"read-more\"> <a class=\"\" href=\"https:\/\/identidadalvearense.com.ar\/?p=3856\"> <span class=\"screen-reader-text\">Bowen renov\u00f3 por completo la luminaria de su plaza distrital con tecnolog\u00eda LED<\/span> Leer m\u00e1s &raquo;<\/a><\/p>\n","protected":false},"author":2,"featured_media":3857,"comment_status":"closed","ping_status":"closed","sticky":false,"template":"","format":"standard","meta":{"site-sidebar-layout":"default","site-content-layout":"default","ast-main-header-display":"","ast-hfb-above-header-display":"","ast-hfb-below-header-display":"","ast-hfb-mobile-header-display":"","site-post-title":"","ast-breadcrumbs-content":"","ast-featured-img":"","footer-sml-layout":"","theme-transparent-header-meta":"default","adv-header-id-meta":"","stick-header-meta":"","header-above-stick-meta":"","header-main-stick-meta":"","header-below-stick-meta":"","footnotes":""},"categories":[21],"tags":[],"class_list":["post-3856","post","type-post","status-publish","format-standard","has-post-thumbnail","hentry","category-actualidad"],"yoast_head":"<!-- This site is optimized with the Yoast SEO plugin v23.3 - https:\/\/yoast.com\/wordpress\/plugins\/seo\/ -->\n<title>Bowen renov\u00f3 por completo la luminaria de su plaza distrital con tecnolog\u00eda LED - Identidad Alvearense<\/title>\n<meta name=\"robots\" content=\"index, follow, max-snippet:-1, max-image-preview:large, max-video-preview:-1\" \/>\n<link rel=\"canonical\" href=\"https:\/\/identidadalvearense.com.ar\/?p=3856\" \/>\n<meta property=\"og:locale\" content=\"es_ES\" \/>\n<meta property=\"og:type\" content=\"article\" \/>\n<meta property=\"og:title\" content=\"Bowen renov\u00f3 por completo la luminaria de su plaza distrital con tecnolog\u00eda LED - Identidad Alvearense\" \/>\n<meta property=\"og:description\" content=\"El distrito de Bowen contin\u00faa avanzando en obras que mejoran la calidad de vida de sus vecinos. En esta ocasi\u00f3n, se concret\u00f3 la renovaci\u00f3n total del sistema de iluminaci\u00f3n de la plaza principal, con la instalaci\u00f3n de 48 luminarias LED que brindan mayor seguridad, eficiencia energ\u00e9tica y una mejor experiencia para quienes disfrutan del espacio &hellip; Bowen renov\u00f3 por completo la luminaria de su plaza distrital con tecnolog\u00eda LED Leer m\u00e1s &raquo;\" \/>\n<meta property=\"og:url\" content=\"https:\/\/identidadalvearense.com.ar\/?p=3856\" \/>\n<meta property=\"og:site_name\" content=\"Identidad Alvearense\" \/>\n<meta property=\"article:published_time\" content=\"2025-06-26T13:07:25+00:00\" \/>\n<meta property=\"og:image\" content=\"https:\/\/identidadalvearense.com.ar\/wp-content\/uploads\/WhatsApp-Image-2025-06-26-at-10.02.21.jpeg\" \/>\n\t<meta property=\"og:image:width\" content=\"1600\" \/>\n\t<meta property=\"og:image:height\" content=\"900\" \/>\n\t<meta property=\"og:image:type\" content=\"image\/jpeg\" \/>\n<meta name=\"author\" content=\"Federico Navarro\" \/>\n<meta name=\"twitter:card\" content=\"summary_large_image\" \/>\n<meta name=\"twitter:label1\" content=\"Escrito por\" \/>\n\t<meta name=\"twitter:data1\" content=\"Federico Navarro\" \/>\n\t<meta name=\"twitter:label2\" content=\"Tiempo de lectura\" \/>\n\t<meta name=\"twitter:data2\" content=\"2 minutos\" \/>\n<script type=\"application\/ld+json\" class=\"yoast-schema-graph\">{\"@context\":\"https:\/\/schema.org\",\"@graph\":[{\"@type\":\"Article\",\"@id\":\"https:\/\/identidadalvearense.com.ar\/?p=3856#article\",\"isPartOf\":{\"@id\":\"https:\/\/identidadalvearense.com.ar\/?p=3856\"},\"author\":{\"name\":\"Federico Navarro\",\"@id\":\"https:\/\/identidadalvearense.com.ar\/#\/schema\/person\/5894277f60529507e524116e53df9cac\"},\"headline\":\"Bowen renov\u00f3 por completo la luminaria de su plaza distrital con tecnolog\u00eda LED\",\"datePublished\":\"2025-06-26T13:07:25+00:00\",\"dateModified\":\"2025-06-26T13:07:25+00:00\",\"mainEntityOfPage\":{\"@id\":\"https:\/\/identidadalvearense.com.ar\/?p=3856\"},\"wordCount\":448,\"publisher\":{\"@id\":\"https:\/\/identidadalvearense.com.ar\/#organization\"},\"image\":{\"@id\":\"https:\/\/identidadalvearense.com.ar\/?p=3856#primaryimage\"},\"thumbnailUrl\":\"https:\/\/identidadalvearense.com.ar\/wp-content\/uploads\/WhatsApp-Image-2025-06-26-at-10.02.21.jpeg\",\"articleSection\":[\"Actualidad\"],\"inLanguage\":\"es\"},{\"@type\":\"WebPage\",\"@id\":\"https:\/\/identidadalvearense.com.ar\/?p=3856\",\"url\":\"https:\/\/identidadalvearense.com.ar\/?p=3856\",\"name\":\"Bowen renov\u00f3 por completo la luminaria de su plaza distrital con tecnolog\u00eda LED - Identidad Alvearense\",\"isPartOf\":{\"@id\":\"https:\/\/identidadalvearense.com.ar\/#website\"},\"primaryImageOfPage\":{\"@id\":\"https:\/\/identidadalvearense.com.ar\/?p=3856#primaryimage\"},\"image\":{\"@id\":\"https:\/\/identidadalvearense.com.ar\/?p=3856#primaryimage\"},\"thumbnailUrl\":\"https:\/\/identidadalvearense.com.ar\/wp-content\/uploads\/WhatsApp-Image-2025-06-26-at-10.02.21.jpeg\",\"datePublished\":\"2025-06-26T13:07:25+00:00\",\"dateModified\":\"2025-06-26T13:07:25+00:00\",\"breadcrumb\":{\"@id\":\"https:\/\/identidadalvearense.com.ar\/?p=3856#breadcrumb\"},\"inLanguage\":\"es\",\"potentialAction\":[{\"@type\":\"ReadAction\",\"target\":[\"https:\/\/identidadalvearense.com.ar\/?p=3856\"]}]},{\"@type\":\"ImageObject\",\"inLanguage\":\"es\",\"@id\":\"https:\/\/identidadalvearense.com.ar\/?p=3856#primaryimage\",\"url\":\"https:\/\/identidadalvearense.com.ar\/wp-content\/uploads\/WhatsApp-Image-2025-06-26-at-10.02.21.jpeg\",\"contentUrl\":\"https:\/\/identidadalvearense.com.ar\/wp-content\/uploads\/WhatsApp-Image-2025-06-26-at-10.02.21.jpeg\",\"width\":1600,\"height\":900},{\"@type\":\"BreadcrumbList\",\"@id\":\"https:\/\/identidadalvearense.com.ar\/?p=3856#breadcrumb\",\"itemListElement\":[{\"@type\":\"ListItem\",\"position\":1,\"name\":\"Portada\",\"item\":\"https:\/\/identidadalvearense.com.ar\/\"},{\"@type\":\"ListItem\",\"position\":2,\"name\":\"Bowen renov\u00f3 por completo la luminaria de su plaza distrital con tecnolog\u00eda LED\"}]},{\"@type\":\"WebSite\",\"@id\":\"https:\/\/identidadalvearense.com.ar\/#website\",\"url\":\"https:\/\/identidadalvearense.com.ar\/\",\"name\":\"Identidad Alvearense\",\"description\":\"Miranos en Youtube, escuchanos en Cadena Cooperativa 98.1\",\"publisher\":{\"@id\":\"https:\/\/identidadalvearense.com.ar\/#organization\"},\"potentialAction\":[{\"@type\":\"SearchAction\",\"target\":{\"@type\":\"EntryPoint\",\"urlTemplate\":\"https:\/\/identidadalvearense.com.ar\/?s={search_term_string}\"},\"query-input\":\"required name=search_term_string\"}],\"inLanguage\":\"es\"},{\"@type\":\"Organization\",\"@id\":\"https:\/\/identidadalvearense.com.ar\/#organization\",\"name\":\"Identidad Alvearense\",\"url\":\"https:\/\/identidadalvearense.com.ar\/\",\"logo\":{\"@type\":\"ImageObject\",\"inLanguage\":\"es\",\"@id\":\"https:\/\/identidadalvearense.com.ar\/#\/schema\/logo\/image\/\",\"url\":\"https:\/\/identidadalvearense.com.ar\/wp-content\/uploads\/cropped-Identidad-Alvearense-Logochico.png\",\"contentUrl\":\"https:\/\/identidadalvearense.com.ar\/wp-content\/uploads\/cropped-Identidad-Alvearense-Logochico.png\",\"width\":300,\"height\":469,\"caption\":\"Identidad Alvearense\"},\"image\":{\"@id\":\"https:\/\/identidadalvearense.com.ar\/#\/schema\/logo\/image\/\"}},{\"@type\":\"Person\",\"@id\":\"https:\/\/identidadalvearense.com.ar\/#\/schema\/person\/5894277f60529507e524116e53df9cac\",\"name\":\"Federico Navarro\",\"sameAs\":[\"https:\/\/identidadalvearense.com.ar\"],\"url\":\"https:\/\/identidadalvearense.com.ar\/?author=2\"}]}<\/script>\n<!-- \/ Yoast SEO plugin. -->","yoast_head_json":{"title":"Bowen renov\u00f3 por completo la luminaria de su plaza distrital con tecnolog\u00eda LED - Identidad Alvearense","robots":{"index":"index","follow":"follow","max-snippet":"max-snippet:-1","max-image-preview":"max-image-preview:large","max-video-preview":"max-video-preview:-1"},"canonical":"https:\/\/identidadalvearense.com.ar\/?p=3856","og_locale":"es_ES","og_type":"article","og_title":"Bowen renov\u00f3 por completo la luminaria de su plaza distrital con tecnolog\u00eda LED - Identidad Alvearense","og_description":"El distrito de Bowen contin\u00faa avanzando en obras que mejoran la calidad de vida de sus vecinos. En esta ocasi\u00f3n, se concret\u00f3 la renovaci\u00f3n total del sistema de iluminaci\u00f3n de la plaza principal, con la instalaci\u00f3n de 48 luminarias LED que brindan mayor seguridad, eficiencia energ\u00e9tica y una mejor experiencia para quienes disfrutan del espacio &hellip; Bowen renov\u00f3 por completo la luminaria de su plaza distrital con tecnolog\u00eda LED Leer m\u00e1s &raquo;","og_url":"https:\/\/identidadalvearense.com.ar\/?p=3856","og_site_name":"Identidad Alvearense","article_published_time":"2025-06-26T13:07:25+00:00","og_image":[{"width":1600,"height":900,"url":"https:\/\/identidadalvearense.com.ar\/wp-content\/uploads\/WhatsApp-Image-2025-06-26-at-10.02.21.jpeg","type":"image\/jpeg"}],"author":"Federico Navarro","twitter_card":"summary_large_image","twitter_misc":{"Escrito por":"Federico Navarro","Tiempo de lectura":"2 minutos"},"schema":{"@context":"https:\/\/schema.org","@graph":[{"@type":"Article","@id":"https:\/\/identidadalvearense.com.ar\/?p=3856#article","isPartOf":{"@id":"https:\/\/identidadalvearense.com.ar\/?p=3856"},"author":{"name":"Federico Navarro","@id":"https:\/\/identidadalvearense.com.ar\/#\/schema\/person\/5894277f60529507e524116e53df9cac"},"headline":"Bowen renov\u00f3 por completo la luminaria de su plaza distrital con tecnolog\u00eda LED","datePublished":"2025-06-26T13:07:25+00:00","dateModified":"2025-06-26T13:07:25+00:00","mainEntityOfPage":{"@id":"https:\/\/identidadalvearense.com.ar\/?p=3856"},"wordCount":448,"publisher":{"@id":"https:\/\/identidadalvearense.com.ar\/#organization"},"image":{"@id":"https:\/\/identidadalvearense.com.ar\/?p=3856#primaryimage"},"thumbnailUrl":"https:\/\/identidadalvearense.com.ar\/wp-content\/uploads\/WhatsApp-Image-2025-06-26-at-10.02.21.jpeg","articleSection":["Actualidad"],"inLanguage":"es"},{"@type":"WebPage","@id":"https:\/\/identidadalvearense.com.ar\/?p=3856","url":"https:\/\/identidadalvearense.com.ar\/?p=3856","name":"Bowen renov\u00f3 por completo la luminaria de su plaza distrital con tecnolog\u00eda LED - Identidad Alvearense","isPartOf":{"@id":"https:\/\/identidadalvearense.com.ar\/#website"},"primaryImageOfPage":{"@id":"https:\/\/identidadalvearense.com.ar\/?p=3856#primaryimage"},"image":{"@id":"https:\/\/identidadalvearense.com.ar\/?p=3856#primaryimage"},"thumbnailUrl":"https:\/\/identidadalvearense.com.ar\/wp-content\/uploads\/WhatsApp-Image-2025-06-26-at-10.02.21.jpeg","datePublished":"2025-06-26T13:07:25+00:00","dateModified":"2025-06-26T13:07:25+00:00","breadcrumb":{"@id":"https:\/\/identidadalvearense.com.ar\/?p=3856#breadcrumb"},"inLanguage":"es","potentialAction":[{"@type":"ReadAction","target":["https:\/\/identidadalvearense.com.ar\/?p=3856"]}]},{"@type":"ImageObject","inLanguage":"es","@id":"https:\/\/identidadalvearense.com.ar\/?p=3856#primaryimage","url":"https:\/\/identidadalvearense.com.ar\/wp-content\/uploads\/WhatsApp-Image-2025-06-26-at-10.02.21.jpeg","contentUrl":"https:\/\/identidadalvearense.com.ar\/wp-content\/uploads\/WhatsApp-Image-2025-06-26-at-10.02.21.jpeg","width":1600,"height":900},{"@type":"BreadcrumbList","@id":"https:\/\/identidadalvearense.com.ar\/?p=3856#breadcrumb","itemListElement":[{"@type":"ListItem","position":1,"name":"Portada","item":"https:\/\/identidadalvearense.com.ar\/"},{"@type":"ListItem","position":2,"name":"Bowen renov\u00f3 por completo la luminaria de su plaza distrital con tecnolog\u00eda LED"}]},{"@type":"WebSite","@id":"https:\/\/identidadalvearense.com.ar\/#website","url":"https:\/\/identidadalvearense.com.ar\/","name":"Identidad Alvearense","description":"Miranos en Youtube, escuchanos en Cadena Cooperativa 98.1","publisher":{"@id":"https:\/\/identidadalvearense.com.ar\/#organization"},"potentialAction":[{"@type":"SearchAction","target":{"@type":"EntryPoint","urlTemplate":"https:\/\/identidadalvearense.com.ar\/?s={search_term_string}"},"query-input":"required name=search_term_string"}],"inLanguage":"es"},{"@type":"Organization","@id":"https:\/\/identidadalvearense.com.ar\/#organization","name":"Identidad Alvearense","url":"https:\/\/identidadalvearense.com.ar\/","logo":{"@type":"ImageObject","inLanguage":"es","@id":"https:\/\/identidadalvearense.com.ar\/#\/schema\/logo\/image\/","url":"https:\/\/identidadalvearense.com.ar\/wp-content\/uploads\/cropped-Identidad-Alvearense-Logochico.png","contentUrl":"https:\/\/identidadalvearense.com.ar\/wp-content\/uploads\/cropped-Identidad-Alvearense-Logochico.png","width":300,"height":469,"caption":"Identidad Alvearense"},"image":{"@id":"https:\/\/identidadalvearense.com.ar\/#\/schema\/logo\/image\/"}},{"@type":"Person","@id":"https:\/\/identidadalvearense.com.ar\/#\/schema\/person\/5894277f60529507e524116e53df9cac","name":"Federico Navarro","sameAs":["https:\/\/identidadalvearense.com.ar"],"url":"https:\/\/identidadalvearense.com.ar\/?author=2"}]}},"_links":{"self":[{"href":"https:\/\/identidadalvearense.com.ar\/index.php?rest_route=\/wp\/v2\/posts\/3856","targetHints":{"allow":["GET"]}}],"collection":[{"href":"https:\/\/identidadalvearense.com.ar\/index.php?rest_route=\/wp\/v2\/posts"}],"about":[{"href":"https:\/\/identidadalvearense.com.ar\/index.php?rest_route=\/wp\/v2\/types\/post"}],"author":[{"embeddable":true,"href":"https:\/\/identidadalvearense.com.ar\/index.php?rest_route=\/wp\/v2\/users\/2"}],"replies":[{"embeddable":true,"href":"https:\/\/identidadalvearense.com.ar\/index.php?rest_route=%2Fwp%2Fv2%2Fcomments&post=3856"}],"version-history":[{"count":1,"href":"https:\/\/identidadalvearense.com.ar\/index.php?rest_route=\/wp\/v2\/posts\/3856\/revisions"}],"predecessor-version":[{"id":3858,"href":"https:\/\/identidadalvearense.com.ar\/index.php?rest_route=\/wp\/v2\/posts\/3856\/revisions\/3858"}],"wp:featuredmedia":[{"embeddable":true,"href":"https:\/\/identidadalvearense.com.ar\/index.php?rest_route=\/wp\/v2\/media\/3857"}],"wp:attachment":[{"href":"https:\/\/identidadalvearense.com.ar\/index.php?rest_route=%2Fwp%2Fv2%2Fmedia&parent=3856"}],"wp:term":[{"taxonomy":"category","embeddable":true,"href":"https:\/\/identidadalvearense.com.ar\/index.php?rest_route=%2Fwp%2Fv2%2Fcategories&post=3856"},{"taxonomy":"post_tag","embeddable":true,"href":"https:\/\/identidadalvearense.com.ar\/index.php?rest_route=%2Fwp%2Fv2%2Ftags&post=3856"}],"curies":[{"name":"wp","href":"https:\/\/api.w.org\/{rel}","templated":true}]}}